{"id":1194,"date":"2014-02-03T16:45:53","date_gmt":"2014-02-03T19:45:53","guid":{"rendered":"http:\/\/sindicatopolicial.com.uy\/web\/?p=1194"},"modified":"2014-02-03T16:45:53","modified_gmt":"2014-02-03T19:45:53","slug":"encuentro-de-fin-de-ano-del-supu-flores","status":"publish","type":"post","link":"http:\/\/sindicatopolicial.uy\/web\/noticias\/encuentro-de-fin-de-ano-del-supu-flores\/","title":{"rendered":"Encuentro de Fin de A\u00f1o del SUPU Flores"},"content":{"rendered":"<p>Galer\u00eda de im\u00e1genes del encuentro de fin de a\u00f1o del SUPU Flores.<\/p>\n<div class=\"gallery fancy-gallery gallery-default\" id=\"gallery_1195-1196-1197-1198-1199-1200-1201-1202-1203-1204\"><a href=\"http:\/\/sindicatopolicial.uy\/web\/wp-content\/uploads\/2014\/02\/P1090371.jpg\" title=\"P1090371\" class=\"\"><img decoding=\"async\" src=\"http:\/\/sindicatopolicial.uy\/web\/wp-content\/uploads\/2014\/02\/P1090371-150x150.jpg\" width=\"150\" height=\"150\" class=\"attachment-thumbnail\" alt=\"P1090371\" title=\"P1090371\" ><\/a><a href=\"http:\/\/sindicatopolicial.uy\/web\/wp-content\/uploads\/2014\/02\/P1090385.jpg\" title=\"P1090385\" class=\"\"><img decoding=\"async\" src=\"http:\/\/sindicatopolicial.uy\/web\/wp-content\/uploads\/2014\/02\/P1090385-150x150.jpg\" width=\"150\" height=\"150\" class=\"attachment-thumbnail\" alt=\"P1090385\" title=\"P1090385\" ><\/a><a href=\"http:\/\/sindicatopolicial.uy\/web\/wp-content\/uploads\/2014\/02\/P1090388.jpg\" title=\"P1090388\" class=\"\"><img decoding=\"async\" src=\"http:\/\/sindicatopolicial.uy\/web\/wp-content\/uploads\/2014\/02\/P1090388-150x150.jpg\" width=\"150\" height=\"150\" class=\"attachment-thumbnail\" alt=\"P1090388\" title=\"P1090388\" ><\/a><a href=\"http:\/\/sindicatopolicial.uy\/web\/wp-content\/uploads\/2014\/02\/P1090391.jpg\" title=\"P1090391\" class=\"\"><img loading=\"lazy\" decoding=\"async\" src=\"http:\/\/sindicatopolicial.uy\/web\/wp-content\/uploads\/2014\/02\/P1090391-150x150.jpg\" width=\"150\" height=\"150\" class=\"attachment-thumbnail\" alt=\"P1090391\" title=\"P1090391\" ><\/a><a href=\"http:\/\/sindicatopolicial.uy\/web\/wp-content\/uploads\/2014\/02\/P1090397.jpg\" title=\"P1090397\" class=\"\"><img loading=\"lazy\" decoding=\"async\" src=\"http:\/\/sindicatopolicial.uy\/web\/wp-content\/uploads\/2014\/02\/P1090397-150x150.jpg\" width=\"150\" height=\"150\" class=\"attachment-thumbnail\" alt=\"P1090397\" title=\"P1090397\" ><\/a><a href=\"http:\/\/sindicatopolicial.uy\/web\/wp-content\/uploads\/2014\/02\/P1090398.jpg\" title=\"P1090398\" class=\"\"><img loading=\"lazy\" decoding=\"async\" src=\"http:\/\/sindicatopolicial.uy\/web\/wp-content\/uploads\/2014\/02\/P1090398-150x150.jpg\" width=\"150\" height=\"150\" class=\"attachment-thumbnail\" alt=\"P1090398\" title=\"P1090398\" ><\/a><a href=\"http:\/\/sindicatopolicial.uy\/web\/wp-content\/uploads\/2014\/02\/P1090399.jpg\" title=\"P1090399\" class=\"\"><img loading=\"lazy\" decoding=\"async\" src=\"http:\/\/sindicatopolicial.uy\/web\/wp-content\/uploads\/2014\/02\/P1090399-150x150.jpg\" width=\"150\" height=\"150\" class=\"attachment-thumbnail\" alt=\"P1090399\" title=\"P1090399\" ><\/a><a href=\"http:\/\/sindicatopolicial.uy\/web\/wp-content\/uploads\/2014\/02\/P1090400.jpg\" title=\"P1090400\" class=\"\"><img loading=\"lazy\" decoding=\"async\" src=\"http:\/\/sindicatopolicial.uy\/web\/wp-content\/uploads\/2014\/02\/P1090400-150x150.jpg\" width=\"150\" height=\"150\" class=\"attachment-thumbnail\" alt=\"P1090400\" title=\"P1090400\" ><\/a><a href=\"http:\/\/sindicatopolicial.uy\/web\/wp-content\/uploads\/2014\/02\/P1090401.jpg\" title=\"P1090401\" class=\"\"><img loading=\"lazy\" decoding=\"async\" src=\"http:\/\/sindicatopolicial.uy\/web\/wp-content\/uploads\/2014\/02\/P1090401-150x150.jpg\" width=\"150\" height=\"150\" class=\"attachment-thumbnail\" alt=\"P1090401\" title=\"P1090401\" ><\/a><a href=\"http:\/\/sindicatopolicial.uy\/web\/wp-content\/uploads\/2014\/02\/P1090402.jpg\" title=\"P1090402\" class=\"\"><img loading=\"lazy\" decoding=\"async\" src=\"http:\/\/sindicatopolicial.uy\/web\/wp-content\/uploads\/2014\/02\/P1090402-150x150.jpg\" width=\"150\" height=\"150\" class=\"attachment-thumbnail\" alt=\"P1090402\" title=\"P1090402\" ><\/a><\/div>\n","protected":false},"excerpt":{"rendered":"<p>Galer\u00eda de im\u00e1genes del encuentro de fin de a\u00f1o del SUPU Flores.<\/p>\n","protected":false},"author":1,"featured_media":1199,"comment_status":"open","ping_status":"open","sticky":false,"template":"","format":"gallery","meta":{"ngg_post_thumbnail":0,"footnotes":""},"categories":[4,9,3],"tags":[38,40],"class_list":["post-1194","post","type-post","status-publish","format-gallery","has-post-thumbnail","hentry","category-departamentales","category-flores","category-noticias","tag-flores","tag-noticias","post_format-post-format-gallery","gallery-content-unit","fancy-gallery-content-unit"],"yoast_head":"<!-- This site is optimized with the Yoast SEO plugin v26.9 - https:\/\/yoast.com\/product\/yoast-seo-wordpress\/ -->\n<title>Encuentro de Fin de A\u00f1o del SUPU Flores - Sindicato \u00danico de Policias del Uruguay (SUPU)<\/title>\n<meta name=\"description\" content=\"Galer\u00eda de im\u00e1genes del encuentro de fin de a\u00f1o del SUPU Flores.\" \/>\n<meta name=\"robots\" content=\"index, follow, max-snippet:-1, max-image-preview:large, max-video-preview:-1\" \/>\n<link rel=\"canonical\" href=\"http:\/\/sindicatopolicial.uy\/web\/noticias\/encuentro-de-fin-de-ano-del-supu-flores\/\" \/>\n<meta property=\"og:locale\" content=\"es_ES\" \/>\n<meta property=\"og:type\" content=\"article\" \/>\n<meta property=\"og:title\" content=\"Encuentro de Fin de A\u00f1o del SUPU Flores - Sindicato \u00danico de Policias del Uruguay (SUPU)\" \/>\n<meta property=\"og:description\" content=\"Galer\u00eda de im\u00e1genes del encuentro de fin de a\u00f1o del SUPU Flores.\" \/>\n<meta property=\"og:url\" content=\"http:\/\/sindicatopolicial.uy\/web\/noticias\/encuentro-de-fin-de-ano-del-supu-flores\/\" \/>\n<meta property=\"og:site_name\" content=\"Sindicato \u00danico de Policias del Uruguay (SUPU)\" \/>\n<meta property=\"article:published_time\" content=\"2014-02-03T19:45:53+00:00\" \/>\n<meta property=\"og:image\" content=\"http:\/\/sindicatopolicial.uy\/web\/wp-content\/uploads\/2014\/02\/P1090397.jpg\" \/>\n\t<meta property=\"og:image:width\" content=\"800\" \/>\n\t<meta property=\"og:image:height\" content=\"600\" \/>\n\t<meta property=\"og:image:type\" content=\"image\/jpeg\" \/>\n<meta name=\"author\" content=\"admin\" \/>\n<meta name=\"twitter:card\" content=\"summary_large_image\" \/>\n<meta name=\"twitter:creator\" content=\"@directivasupu\" \/>\n<meta name=\"twitter:site\" content=\"@directivasupu\" \/>\n<meta name=\"twitter:label1\" content=\"Escrito por\" \/>\n\t<meta name=\"twitter:data1\" content=\"admin\" \/>\n<script type=\"application\/ld+json\" class=\"yoast-schema-graph\">{\"@context\":\"https:\/\/schema.org\",\"@graph\":[{\"@type\":\"Article\",\"@id\":\"http:\/\/sindicatopolicial.uy\/web\/noticias\/encuentro-de-fin-de-ano-del-supu-flores\/#article\",\"isPartOf\":{\"@id\":\"http:\/\/sindicatopolicial.uy\/web\/noticias\/encuentro-de-fin-de-ano-del-supu-flores\/\"},\"author\":{\"name\":\"admin\",\"@id\":\"http:\/\/sindicatopolicial.uy\/web\/#\/schema\/person\/b24a27d8d1b9731460dcaea8b88331d3\"},\"headline\":\"Encuentro de Fin de A\u00f1o del SUPU Flores\",\"datePublished\":\"2014-02-03T19:45:53+00:00\",\"mainEntityOfPage\":{\"@id\":\"http:\/\/sindicatopolicial.uy\/web\/noticias\/encuentro-de-fin-de-ano-del-supu-flores\/\"},\"wordCount\":28,\"commentCount\":0,\"publisher\":{\"@id\":\"http:\/\/sindicatopolicial.uy\/web\/#organization\"},\"image\":{\"@id\":\"http:\/\/sindicatopolicial.uy\/web\/noticias\/encuentro-de-fin-de-ano-del-supu-flores\/#primaryimage\"},\"thumbnailUrl\":\"http:\/\/sindicatopolicial.uy\/web\/wp-content\/uploads\/2014\/02\/P1090397.jpg\",\"keywords\":[\"Flores\",\"Noticias\"],\"articleSection\":[\"Departamentales\",\"Flores\",\"Noticias\"],\"inLanguage\":\"es\",\"potentialAction\":[{\"@type\":\"CommentAction\",\"name\":\"Comment\",\"target\":[\"http:\/\/sindicatopolicial.uy\/web\/noticias\/encuentro-de-fin-de-ano-del-supu-flores\/#respond\"]}]},{\"@type\":\"WebPage\",\"@id\":\"http:\/\/sindicatopolicial.uy\/web\/noticias\/encuentro-de-fin-de-ano-del-supu-flores\/\",\"url\":\"http:\/\/sindicatopolicial.uy\/web\/noticias\/encuentro-de-fin-de-ano-del-supu-flores\/\",\"name\":\"Encuentro de Fin de A\u00f1o del SUPU Flores - Sindicato \u00danico de Policias del Uruguay (SUPU)\",\"isPartOf\":{\"@id\":\"http:\/\/sindicatopolicial.uy\/web\/#website\"},\"primaryImageOfPage\":{\"@id\":\"http:\/\/sindicatopolicial.uy\/web\/noticias\/encuentro-de-fin-de-ano-del-supu-flores\/#primaryimage\"},\"image\":{\"@id\":\"http:\/\/sindicatopolicial.uy\/web\/noticias\/encuentro-de-fin-de-ano-del-supu-flores\/#primaryimage\"},\"thumbnailUrl\":\"http:\/\/sindicatopolicial.uy\/web\/wp-content\/uploads\/2014\/02\/P1090397.jpg\",\"datePublished\":\"2014-02-03T19:45:53+00:00\",\"description\":\"Galer\u00eda de im\u00e1genes del encuentro de fin de a\u00f1o del SUPU Flores.\",\"breadcrumb\":{\"@id\":\"http:\/\/sindicatopolicial.uy\/web\/noticias\/encuentro-de-fin-de-ano-del-supu-flores\/#breadcrumb\"},\"inLanguage\":\"es\",\"potentialAction\":[{\"@type\":\"ReadAction\",\"target\":[\"http:\/\/sindicatopolicial.uy\/web\/noticias\/encuentro-de-fin-de-ano-del-supu-flores\/\"]}]},{\"@type\":\"ImageObject\",\"inLanguage\":\"es\",\"@id\":\"http:\/\/sindicatopolicial.uy\/web\/noticias\/encuentro-de-fin-de-ano-del-supu-flores\/#primaryimage\",\"url\":\"http:\/\/sindicatopolicial.uy\/web\/wp-content\/uploads\/2014\/02\/P1090397.jpg\",\"contentUrl\":\"http:\/\/sindicatopolicial.uy\/web\/wp-content\/uploads\/2014\/02\/P1090397.jpg\",\"width\":800,\"height\":600},{\"@type\":\"BreadcrumbList\",\"@id\":\"http:\/\/sindicatopolicial.uy\/web\/noticias\/encuentro-de-fin-de-ano-del-supu-flores\/#breadcrumb\",\"itemListElement\":[{\"@type\":\"ListItem\",\"position\":1,\"name\":\"Portada\",\"item\":\"http:\/\/sindicatopolicial.uy\/web\/\"},{\"@type\":\"ListItem\",\"position\":2,\"name\":\"Encuentro de Fin de A\u00f1o del SUPU Flores\"}]},{\"@type\":\"WebSite\",\"@id\":\"http:\/\/sindicatopolicial.uy\/web\/#website\",\"url\":\"http:\/\/sindicatopolicial.uy\/web\/\",\"name\":\"Sindicato \u00danico de Policias del Uruguay (SUPU)\",\"description\":\"Sindicato \u00danico de Policias del Uruguay\",\"publisher\":{\"@id\":\"http:\/\/sindicatopolicial.uy\/web\/#organization\"},\"potentialAction\":[{\"@type\":\"SearchAction\",\"target\":{\"@type\":\"EntryPoint\",\"urlTemplate\":\"http:\/\/sindicatopolicial.uy\/web\/?s={search_term_string}\"},\"query-input\":{\"@type\":\"PropertyValueSpecification\",\"valueRequired\":true,\"valueName\":\"search_term_string\"}}],\"inLanguage\":\"es\"},{\"@type\":\"Organization\",\"@id\":\"http:\/\/sindicatopolicial.uy\/web\/#organization\",\"name\":\"Sindicato \u00danico de Policias del Uruguay\",\"url\":\"http:\/\/sindicatopolicial.uy\/web\/\",\"logo\":{\"@type\":\"ImageObject\",\"inLanguage\":\"es\",\"@id\":\"http:\/\/sindicatopolicial.uy\/web\/#\/schema\/logo\/image\/\",\"url\":\"http:\/\/sindicatopolicial.uy\/web\/wp-content\/uploads\/2013\/07\/logo-supu-300-e1660692515353.png\",\"contentUrl\":\"http:\/\/sindicatopolicial.uy\/web\/wp-content\/uploads\/2013\/07\/logo-supu-300-e1660692515353.png\",\"width\":150,\"height\":150,\"caption\":\"Sindicato \u00danico de Policias del Uruguay\"},\"image\":{\"@id\":\"http:\/\/sindicatopolicial.uy\/web\/#\/schema\/logo\/image\/\"},\"sameAs\":[\"https:\/\/x.com\/directivasupu\"]},{\"@type\":\"Person\",\"@id\":\"http:\/\/sindicatopolicial.uy\/web\/#\/schema\/person\/b24a27d8d1b9731460dcaea8b88331d3\",\"name\":\"admin\",\"url\":\"http:\/\/sindicatopolicial.uy\/web\/author\/admin\/\"}]}<\/script>\n<!-- \/ Yoast SEO plugin. -->","yoast_head_json":{"title":"Encuentro de Fin de A\u00f1o del SUPU Flores - Sindicato \u00danico de Policias del Uruguay (SUPU)","description":"Galer\u00eda de im\u00e1genes del encuentro de fin de a\u00f1o del SUPU Flores.","robots":{"index":"index","follow":"follow","max-snippet":"max-snippet:-1","max-image-preview":"max-image-preview:large","max-video-preview":"max-video-preview:-1"},"canonical":"http:\/\/sindicatopolicial.uy\/web\/noticias\/encuentro-de-fin-de-ano-del-supu-flores\/","og_locale":"es_ES","og_type":"article","og_title":"Encuentro de Fin de A\u00f1o del SUPU Flores - Sindicato \u00danico de Policias del Uruguay (SUPU)","og_description":"Galer\u00eda de im\u00e1genes del encuentro de fin de a\u00f1o del SUPU Flores.","og_url":"http:\/\/sindicatopolicial.uy\/web\/noticias\/encuentro-de-fin-de-ano-del-supu-flores\/","og_site_name":"Sindicato \u00danico de Policias del Uruguay (SUPU)","article_published_time":"2014-02-03T19:45:53+00:00","og_image":[{"width":800,"height":600,"url":"http:\/\/sindicatopolicial.uy\/web\/wp-content\/uploads\/2014\/02\/P1090397.jpg","type":"image\/jpeg"}],"author":"admin","twitter_card":"summary_large_image","twitter_creator":"@directivasupu","twitter_site":"@directivasupu","twitter_misc":{"Escrito por":"admin"},"schema":{"@context":"https:\/\/schema.org","@graph":[{"@type":"Article","@id":"http:\/\/sindicatopolicial.uy\/web\/noticias\/encuentro-de-fin-de-ano-del-supu-flores\/#article","isPartOf":{"@id":"http:\/\/sindicatopolicial.uy\/web\/noticias\/encuentro-de-fin-de-ano-del-supu-flores\/"},"author":{"name":"admin","@id":"http:\/\/sindicatopolicial.uy\/web\/#\/schema\/person\/b24a27d8d1b9731460dcaea8b88331d3"},"headline":"Encuentro de Fin de A\u00f1o del SUPU Flores","datePublished":"2014-02-03T19:45:53+00:00","mainEntityOfPage":{"@id":"http:\/\/sindicatopolicial.uy\/web\/noticias\/encuentro-de-fin-de-ano-del-supu-flores\/"},"wordCount":28,"commentCount":0,"publisher":{"@id":"http:\/\/sindicatopolicial.uy\/web\/#organization"},"image":{"@id":"http:\/\/sindicatopolicial.uy\/web\/noticias\/encuentro-de-fin-de-ano-del-supu-flores\/#primaryimage"},"thumbnailUrl":"http:\/\/sindicatopolicial.uy\/web\/wp-content\/uploads\/2014\/02\/P1090397.jpg","keywords":["Flores","Noticias"],"articleSection":["Departamentales","Flores","Noticias"],"inLanguage":"es","potentialAction":[{"@type":"CommentAction","name":"Comment","target":["http:\/\/sindicatopolicial.uy\/web\/noticias\/encuentro-de-fin-de-ano-del-supu-flores\/#respond"]}]},{"@type":"WebPage","@id":"http:\/\/sindicatopolicial.uy\/web\/noticias\/encuentro-de-fin-de-ano-del-supu-flores\/","url":"http:\/\/sindicatopolicial.uy\/web\/noticias\/encuentro-de-fin-de-ano-del-supu-flores\/","name":"Encuentro de Fin de A\u00f1o del SUPU Flores - Sindicato \u00danico de Policias del Uruguay (SUPU)","isPartOf":{"@id":"http:\/\/sindicatopolicial.uy\/web\/#website"},"primaryImageOfPage":{"@id":"http:\/\/sindicatopolicial.uy\/web\/noticias\/encuentro-de-fin-de-ano-del-supu-flores\/#primaryimage"},"image":{"@id":"http:\/\/sindicatopolicial.uy\/web\/noticias\/encuentro-de-fin-de-ano-del-supu-flores\/#primaryimage"},"thumbnailUrl":"http:\/\/sindicatopolicial.uy\/web\/wp-content\/uploads\/2014\/02\/P1090397.jpg","datePublished":"2014-02-03T19:45:53+00:00","description":"Galer\u00eda de im\u00e1genes del encuentro de fin de a\u00f1o del SUPU Flores.","breadcrumb":{"@id":"http:\/\/sindicatopolicial.uy\/web\/noticias\/encuentro-de-fin-de-ano-del-supu-flores\/#breadcrumb"},"inLanguage":"es","potentialAction":[{"@type":"ReadAction","target":["http:\/\/sindicatopolicial.uy\/web\/noticias\/encuentro-de-fin-de-ano-del-supu-flores\/"]}]},{"@type":"ImageObject","inLanguage":"es","@id":"http:\/\/sindicatopolicial.uy\/web\/noticias\/encuentro-de-fin-de-ano-del-supu-flores\/#primaryimage","url":"http:\/\/sindicatopolicial.uy\/web\/wp-content\/uploads\/2014\/02\/P1090397.jpg","contentUrl":"http:\/\/sindicatopolicial.uy\/web\/wp-content\/uploads\/2014\/02\/P1090397.jpg","width":800,"height":600},{"@type":"BreadcrumbList","@id":"http:\/\/sindicatopolicial.uy\/web\/noticias\/encuentro-de-fin-de-ano-del-supu-flores\/#breadcrumb","itemListElement":[{"@type":"ListItem","position":1,"name":"Portada","item":"http:\/\/sindicatopolicial.uy\/web\/"},{"@type":"ListItem","position":2,"name":"Encuentro de Fin de A\u00f1o del SUPU Flores"}]},{"@type":"WebSite","@id":"http:\/\/sindicatopolicial.uy\/web\/#website","url":"http:\/\/sindicatopolicial.uy\/web\/","name":"Sindicato \u00danico de Policias del Uruguay (SUPU)","description":"Sindicato \u00danico de Policias del Uruguay","publisher":{"@id":"http:\/\/sindicatopolicial.uy\/web\/#organization"},"potentialAction":[{"@type":"SearchAction","target":{"@type":"EntryPoint","urlTemplate":"http:\/\/sindicatopolicial.uy\/web\/?s={search_term_string}"},"query-input":{"@type":"PropertyValueSpecification","valueRequired":true,"valueName":"search_term_string"}}],"inLanguage":"es"},{"@type":"Organization","@id":"http:\/\/sindicatopolicial.uy\/web\/#organization","name":"Sindicato \u00danico de Policias del Uruguay","url":"http:\/\/sindicatopolicial.uy\/web\/","logo":{"@type":"ImageObject","inLanguage":"es","@id":"http:\/\/sindicatopolicial.uy\/web\/#\/schema\/logo\/image\/","url":"http:\/\/sindicatopolicial.uy\/web\/wp-content\/uploads\/2013\/07\/logo-supu-300-e1660692515353.png","contentUrl":"http:\/\/sindicatopolicial.uy\/web\/wp-content\/uploads\/2013\/07\/logo-supu-300-e1660692515353.png","width":150,"height":150,"caption":"Sindicato \u00danico de Policias del Uruguay"},"image":{"@id":"http:\/\/sindicatopolicial.uy\/web\/#\/schema\/logo\/image\/"},"sameAs":["https:\/\/x.com\/directivasupu"]},{"@type":"Person","@id":"http:\/\/sindicatopolicial.uy\/web\/#\/schema\/person\/b24a27d8d1b9731460dcaea8b88331d3","name":"admin","url":"http:\/\/sindicatopolicial.uy\/web\/author\/admin\/"}]}},"_links":{"self":[{"href":"http:\/\/sindicatopolicial.uy\/web\/wp-json\/wp\/v2\/posts\/1194","targetHints":{"allow":["GET"]}}],"collection":[{"href":"http:\/\/sindicatopolicial.uy\/web\/wp-json\/wp\/v2\/posts"}],"about":[{"href":"http:\/\/sindicatopolicial.uy\/web\/wp-json\/wp\/v2\/types\/post"}],"author":[{"embeddable":true,"href":"http:\/\/sindicatopolicial.uy\/web\/wp-json\/wp\/v2\/users\/1"}],"replies":[{"embeddable":true,"href":"http:\/\/sindicatopolicial.uy\/web\/wp-json\/wp\/v2\/comments?post=1194"}],"version-history":[{"count":1,"href":"http:\/\/sindicatopolicial.uy\/web\/wp-json\/wp\/v2\/posts\/1194\/revisions"}],"predecessor-version":[{"id":1205,"href":"http:\/\/sindicatopolicial.uy\/web\/wp-json\/wp\/v2\/posts\/1194\/revisions\/1205"}],"wp:featuredmedia":[{"embeddable":true,"href":"http:\/\/sindicatopolicial.uy\/web\/wp-json\/wp\/v2\/media\/1199"}],"wp:attachment":[{"href":"http:\/\/sindicatopolicial.uy\/web\/wp-json\/wp\/v2\/media?parent=1194"}],"wp:term":[{"taxonomy":"category","embeddable":true,"href":"http:\/\/sindicatopolicial.uy\/web\/wp-json\/wp\/v2\/categories?post=1194"},{"taxonomy":"post_tag","embeddable":true,"href":"http:\/\/sindicatopolicial.uy\/web\/wp-json\/wp\/v2\/tags?post=1194"}],"curies":[{"name":"wp","href":"https:\/\/api.w.org\/{rel}","templated":true}]}}