{"id":433,"date":"2013-09-03T10:15:53","date_gmt":"2013-09-03T13:15:53","guid":{"rendered":"http:\/\/sindicatopolicial.com.uy\/web\/?p=433"},"modified":"2013-09-03T10:18:50","modified_gmt":"2013-09-03T13:18:50","slug":"el-supu-entrego-botiquines-seccionales-policiales","status":"publish","type":"post","link":"http:\/\/sindicatopolicial.uy\/web\/noticias\/el-supu-entrego-botiquines-seccionales-policiales\/","title":{"rendered":"El SUPU entreg\u00f3 botiquines a seccionales policiales"},"content":{"rendered":"<p>En un acto cumplido en dependencias de Jefatura de Polic\u00eda, el Sindicato Policial a trav\u00e9s de su principal referente Leonardo Baz, hizo entrega a los encargados de las seccionales policiales del departamento, de un botiqu\u00edn de primeros auxilios para uso de los funcionarios que deben actuar en situaciones de emergencia, como pueden ser siniestros de tr\u00e1nsito u otras circunstancias.<\/p>\n<p>La donaci\u00f3n del SUPU consta de 25 botiquines, y en el futuro el sindicato ir\u00e1 reponiendo los elementos en la medida en que los mismos vayan siendo utilizados.<br \/>\nTambi\u00e9n se hizo entrega, con el mismo destino, de mochilas de COPAC para facilitar el transporte de estos elementos.<\/p>\n<p>En este acto estuvieron presentes integrantes del Comando de Jefatura de Polic\u00eda de Flores, encabezado por el Jefe Esc. Justo Ortiz Vi\u00f1a.<\/p>\n<div class=\"gallery fancy-gallery gallery-default\" id=\"gallery_434-435-436-437-438\"><a href=\"http:\/\/sindicatopolicial.uy\/web\/wp-content\/uploads\/2013\/09\/23144-2.jpg\" title=\"23144-2\" class=\"\"><img decoding=\"async\" src=\"http:\/\/sindicatopolicial.uy\/web\/wp-content\/uploads\/2013\/09\/23144-2-150x150.jpg\" width=\"150\" height=\"150\" class=\"attachment-thumbnail\" alt=\"23144-2\" title=\"23144-2\" ><\/a><a href=\"http:\/\/sindicatopolicial.uy\/web\/wp-content\/uploads\/2013\/09\/23144-1.jpg\" title=\"23144-1\" class=\"\"><img decoding=\"async\" src=\"http:\/\/sindicatopolicial.uy\/web\/wp-content\/uploads\/2013\/09\/23144-1-150x150.jpg\" width=\"150\" height=\"150\" class=\"attachment-thumbnail\" alt=\"23144-1\" title=\"23144-1\" ><\/a><a href=\"http:\/\/sindicatopolicial.uy\/web\/wp-content\/uploads\/2013\/09\/23144-3.jpg\" title=\"23144-3\" class=\"\"><img decoding=\"async\" src=\"http:\/\/sindicatopolicial.uy\/web\/wp-content\/uploads\/2013\/09\/23144-3-150x150.jpg\" width=\"150\" height=\"150\" class=\"attachment-thumbnail\" alt=\"23144-3\" title=\"23144-3\" ><\/a><a href=\"http:\/\/sindicatopolicial.uy\/web\/wp-content\/uploads\/2013\/09\/23144-4.jpg\" title=\"23144-4\" class=\"\"><img loading=\"lazy\" decoding=\"async\" src=\"http:\/\/sindicatopolicial.uy\/web\/wp-content\/uploads\/2013\/09\/23144-4-150x150.jpg\" width=\"150\" height=\"150\" class=\"attachment-thumbnail\" alt=\"23144-4\" title=\"23144-4\" ><\/a><a href=\"http:\/\/sindicatopolicial.uy\/web\/wp-content\/uploads\/2013\/09\/23144-5.jpg\" title=\"23144-5\" class=\"\"><img loading=\"lazy\" decoding=\"async\" src=\"http:\/\/sindicatopolicial.uy\/web\/wp-content\/uploads\/2013\/09\/23144-5-150x150.jpg\" width=\"150\" height=\"150\" class=\"attachment-thumbnail\" alt=\"23144-5\" title=\"23144-5\" ><\/a><\/div>\n<p>Fuente: <a href=\"http:\/\/ecosregionales.net\/?edicion=1796&#038;noticia=23144\">http:\/\/ecosregionales.net\/?edicion=1796&#038;noticia=23144<\/a><\/p>\n","protected":false},"excerpt":{"rendered":"<p>En un acto cumplido en dependencias de Jefatura de Polic\u00eda, el Sindicato Policial a trav\u00e9s<\/p>\n","protected":false},"author":1,"featured_media":434,"comment_status":"open","ping_status":"open","sticky":false,"template":"","format":"gallery","meta":{"ngg_post_thumbnail":0,"footnotes":""},"categories":[4,9,3],"tags":[38],"class_list":["post-433","post","type-post","status-publish","format-gallery","has-post-thumbnail","hentry","category-departamentales","category-flores","category-noticias","tag-flores","post_format-post-format-gallery","gallery-content-unit","fancy-gallery-content-unit"],"yoast_head":"<!-- This site is optimized with the Yoast SEO plugin v26.9 - https:\/\/yoast.com\/product\/yoast-seo-wordpress\/ -->\n<title>El SUPU entreg\u00f3 botiquines a seccionales policiales - Sindicato \u00danico de Policias del Uruguay (SUPU)<\/title>\n<meta name=\"robots\" content=\"index, follow, max-snippet:-1, max-image-preview:large, max-video-preview:-1\" \/>\n<link rel=\"canonical\" href=\"http:\/\/sindicatopolicial.uy\/web\/noticias\/el-supu-entrego-botiquines-seccionales-policiales\/\" \/>\n<meta property=\"og:locale\" content=\"es_ES\" \/>\n<meta property=\"og:type\" content=\"article\" \/>\n<meta property=\"og:title\" content=\"El SUPU entreg\u00f3 botiquines a seccionales policiales - Sindicato \u00danico de Policias del Uruguay (SUPU)\" \/>\n<meta property=\"og:description\" content=\"En un acto cumplido en dependencias de Jefatura de Polic\u00eda, el Sindicato Policial a trav\u00e9s\" \/>\n<meta property=\"og:url\" content=\"http:\/\/sindicatopolicial.uy\/web\/noticias\/el-supu-entrego-botiquines-seccionales-policiales\/\" \/>\n<meta property=\"og:site_name\" content=\"Sindicato \u00danico de Policias del Uruguay (SUPU)\" \/>\n<meta property=\"article:published_time\" content=\"2013-09-03T13:15:53+00:00\" \/>\n<meta property=\"article:modified_time\" content=\"2013-09-03T13:18:50+00:00\" \/>\n<meta property=\"og:image\" content=\"http:\/\/sindicatopolicial.uy\/web\/wp-content\/uploads\/2013\/09\/23144-2.jpg\" \/>\n\t<meta property=\"og:image:width\" content=\"690\" \/>\n\t<meta property=\"og:image:height\" content=\"518\" \/>\n\t<meta property=\"og:image:type\" content=\"image\/jpeg\" \/>\n<meta name=\"author\" content=\"admin\" \/>\n<meta name=\"twitter:card\" content=\"summary_large_image\" \/>\n<meta name=\"twitter:creator\" content=\"@directivasupu\" \/>\n<meta name=\"twitter:site\" content=\"@directivasupu\" \/>\n<meta name=\"twitter:label1\" content=\"Escrito por\" \/>\n\t<meta name=\"twitter:data1\" content=\"admin\" \/>\n\t<meta name=\"twitter:label2\" content=\"Tiempo de lectura\" \/>\n\t<meta name=\"twitter:data2\" content=\"1 minuto\" \/>\n<script type=\"application\/ld+json\" class=\"yoast-schema-graph\">{\"@context\":\"https:\/\/schema.org\",\"@graph\":[{\"@type\":\"Article\",\"@id\":\"http:\/\/sindicatopolicial.uy\/web\/noticias\/el-supu-entrego-botiquines-seccionales-policiales\/#article\",\"isPartOf\":{\"@id\":\"http:\/\/sindicatopolicial.uy\/web\/noticias\/el-supu-entrego-botiquines-seccionales-policiales\/\"},\"author\":{\"name\":\"admin\",\"@id\":\"http:\/\/sindicatopolicial.uy\/web\/#\/schema\/person\/b24a27d8d1b9731460dcaea8b88331d3\"},\"headline\":\"El SUPU entreg\u00f3 botiquines a seccionales policiales\",\"datePublished\":\"2013-09-03T13:15:53+00:00\",\"dateModified\":\"2013-09-03T13:18:50+00:00\",\"mainEntityOfPage\":{\"@id\":\"http:\/\/sindicatopolicial.uy\/web\/noticias\/el-supu-entrego-botiquines-seccionales-policiales\/\"},\"wordCount\":152,\"commentCount\":0,\"publisher\":{\"@id\":\"http:\/\/sindicatopolicial.uy\/web\/#organization\"},\"image\":{\"@id\":\"http:\/\/sindicatopolicial.uy\/web\/noticias\/el-supu-entrego-botiquines-seccionales-policiales\/#primaryimage\"},\"thumbnailUrl\":\"http:\/\/sindicatopolicial.uy\/web\/wp-content\/uploads\/2013\/09\/23144-2.jpg\",\"keywords\":[\"Flores\"],\"articleSection\":[\"Departamentales\",\"Flores\",\"Noticias\"],\"inLanguage\":\"es\",\"potentialAction\":[{\"@type\":\"CommentAction\",\"name\":\"Comment\",\"target\":[\"http:\/\/sindicatopolicial.uy\/web\/noticias\/el-supu-entrego-botiquines-seccionales-policiales\/#respond\"]}]},{\"@type\":\"WebPage\",\"@id\":\"http:\/\/sindicatopolicial.uy\/web\/noticias\/el-supu-entrego-botiquines-seccionales-policiales\/\",\"url\":\"http:\/\/sindicatopolicial.uy\/web\/noticias\/el-supu-entrego-botiquines-seccionales-policiales\/\",\"name\":\"El SUPU entreg\u00f3 botiquines a seccionales policiales - Sindicato \u00danico de Policias del Uruguay (SUPU)\",\"isPartOf\":{\"@id\":\"http:\/\/sindicatopolicial.uy\/web\/#website\"},\"primaryImageOfPage\":{\"@id\":\"http:\/\/sindicatopolicial.uy\/web\/noticias\/el-supu-entrego-botiquines-seccionales-policiales\/#primaryimage\"},\"image\":{\"@id\":\"http:\/\/sindicatopolicial.uy\/web\/noticias\/el-supu-entrego-botiquines-seccionales-policiales\/#primaryimage\"},\"thumbnailUrl\":\"http:\/\/sindicatopolicial.uy\/web\/wp-content\/uploads\/2013\/09\/23144-2.jpg\",\"datePublished\":\"2013-09-03T13:15:53+00:00\",\"dateModified\":\"2013-09-03T13:18:50+00:00\",\"breadcrumb\":{\"@id\":\"http:\/\/sindicatopolicial.uy\/web\/noticias\/el-supu-entrego-botiquines-seccionales-policiales\/#breadcrumb\"},\"inLanguage\":\"es\",\"potentialAction\":[{\"@type\":\"ReadAction\",\"target\":[\"http:\/\/sindicatopolicial.uy\/web\/noticias\/el-supu-entrego-botiquines-seccionales-policiales\/\"]}]},{\"@type\":\"ImageObject\",\"inLanguage\":\"es\",\"@id\":\"http:\/\/sindicatopolicial.uy\/web\/noticias\/el-supu-entrego-botiquines-seccionales-policiales\/#primaryimage\",\"url\":\"http:\/\/sindicatopolicial.uy\/web\/wp-content\/uploads\/2013\/09\/23144-2.jpg\",\"contentUrl\":\"http:\/\/sindicatopolicial.uy\/web\/wp-content\/uploads\/2013\/09\/23144-2.jpg\",\"width\":690,\"height\":518},{\"@type\":\"BreadcrumbList\",\"@id\":\"http:\/\/sindicatopolicial.uy\/web\/noticias\/el-supu-entrego-botiquines-seccionales-policiales\/#breadcrumb\",\"itemListElement\":[{\"@type\":\"ListItem\",\"position\":1,\"name\":\"Portada\",\"item\":\"http:\/\/sindicatopolicial.uy\/web\/\"},{\"@type\":\"ListItem\",\"position\":2,\"name\":\"El SUPU entreg\u00f3 botiquines a seccionales policiales\"}]},{\"@type\":\"WebSite\",\"@id\":\"http:\/\/sindicatopolicial.uy\/web\/#website\",\"url\":\"http:\/\/sindicatopolicial.uy\/web\/\",\"name\":\"Sindicato \u00danico de Policias del Uruguay (SUPU)\",\"description\":\"Sindicato \u00danico de Policias del Uruguay\",\"publisher\":{\"@id\":\"http:\/\/sindicatopolicial.uy\/web\/#organization\"},\"potentialAction\":[{\"@type\":\"SearchAction\",\"target\":{\"@type\":\"EntryPoint\",\"urlTemplate\":\"http:\/\/sindicatopolicial.uy\/web\/?s={search_term_string}\"},\"query-input\":{\"@type\":\"PropertyValueSpecification\",\"valueRequired\":true,\"valueName\":\"search_term_string\"}}],\"inLanguage\":\"es\"},{\"@type\":\"Organization\",\"@id\":\"http:\/\/sindicatopolicial.uy\/web\/#organization\",\"name\":\"Sindicato \u00danico de Policias del Uruguay\",\"url\":\"http:\/\/sindicatopolicial.uy\/web\/\",\"logo\":{\"@type\":\"ImageObject\",\"inLanguage\":\"es\",\"@id\":\"http:\/\/sindicatopolicial.uy\/web\/#\/schema\/logo\/image\/\",\"url\":\"http:\/\/sindicatopolicial.uy\/web\/wp-content\/uploads\/2013\/07\/logo-supu-300-e1660692515353.png\",\"contentUrl\":\"http:\/\/sindicatopolicial.uy\/web\/wp-content\/uploads\/2013\/07\/logo-supu-300-e1660692515353.png\",\"width\":150,\"height\":150,\"caption\":\"Sindicato \u00danico de Policias del Uruguay\"},\"image\":{\"@id\":\"http:\/\/sindicatopolicial.uy\/web\/#\/schema\/logo\/image\/\"},\"sameAs\":[\"https:\/\/x.com\/directivasupu\"]},{\"@type\":\"Person\",\"@id\":\"http:\/\/sindicatopolicial.uy\/web\/#\/schema\/person\/b24a27d8d1b9731460dcaea8b88331d3\",\"name\":\"admin\",\"url\":\"http:\/\/sindicatopolicial.uy\/web\/author\/admin\/\"}]}<\/script>\n<!-- \/ Yoast SEO plugin. -->","yoast_head_json":{"title":"El SUPU entreg\u00f3 botiquines a seccionales policiales - Sindicato \u00danico de Policias del Uruguay (SUPU)","robots":{"index":"index","follow":"follow","max-snippet":"max-snippet:-1","max-image-preview":"max-image-preview:large","max-video-preview":"max-video-preview:-1"},"canonical":"http:\/\/sindicatopolicial.uy\/web\/noticias\/el-supu-entrego-botiquines-seccionales-policiales\/","og_locale":"es_ES","og_type":"article","og_title":"El SUPU entreg\u00f3 botiquines a seccionales policiales - Sindicato \u00danico de Policias del Uruguay (SUPU)","og_description":"En un acto cumplido en dependencias de Jefatura de Polic\u00eda, el Sindicato Policial a trav\u00e9s","og_url":"http:\/\/sindicatopolicial.uy\/web\/noticias\/el-supu-entrego-botiquines-seccionales-policiales\/","og_site_name":"Sindicato \u00danico de Policias del Uruguay (SUPU)","article_published_time":"2013-09-03T13:15:53+00:00","article_modified_time":"2013-09-03T13:18:50+00:00","og_image":[{"width":690,"height":518,"url":"http:\/\/sindicatopolicial.uy\/web\/wp-content\/uploads\/2013\/09\/23144-2.jpg","type":"image\/jpeg"}],"author":"admin","twitter_card":"summary_large_image","twitter_creator":"@directivasupu","twitter_site":"@directivasupu","twitter_misc":{"Escrito por":"admin","Tiempo de lectura":"1 minuto"},"schema":{"@context":"https:\/\/schema.org","@graph":[{"@type":"Article","@id":"http:\/\/sindicatopolicial.uy\/web\/noticias\/el-supu-entrego-botiquines-seccionales-policiales\/#article","isPartOf":{"@id":"http:\/\/sindicatopolicial.uy\/web\/noticias\/el-supu-entrego-botiquines-seccionales-policiales\/"},"author":{"name":"admin","@id":"http:\/\/sindicatopolicial.uy\/web\/#\/schema\/person\/b24a27d8d1b9731460dcaea8b88331d3"},"headline":"El SUPU entreg\u00f3 botiquines a seccionales policiales","datePublished":"2013-09-03T13:15:53+00:00","dateModified":"2013-09-03T13:18:50+00:00","mainEntityOfPage":{"@id":"http:\/\/sindicatopolicial.uy\/web\/noticias\/el-supu-entrego-botiquines-seccionales-policiales\/"},"wordCount":152,"commentCount":0,"publisher":{"@id":"http:\/\/sindicatopolicial.uy\/web\/#organization"},"image":{"@id":"http:\/\/sindicatopolicial.uy\/web\/noticias\/el-supu-entrego-botiquines-seccionales-policiales\/#primaryimage"},"thumbnailUrl":"http:\/\/sindicatopolicial.uy\/web\/wp-content\/uploads\/2013\/09\/23144-2.jpg","keywords":["Flores"],"articleSection":["Departamentales","Flores","Noticias"],"inLanguage":"es","potentialAction":[{"@type":"CommentAction","name":"Comment","target":["http:\/\/sindicatopolicial.uy\/web\/noticias\/el-supu-entrego-botiquines-seccionales-policiales\/#respond"]}]},{"@type":"WebPage","@id":"http:\/\/sindicatopolicial.uy\/web\/noticias\/el-supu-entrego-botiquines-seccionales-policiales\/","url":"http:\/\/sindicatopolicial.uy\/web\/noticias\/el-supu-entrego-botiquines-seccionales-policiales\/","name":"El SUPU entreg\u00f3 botiquines a seccionales policiales - Sindicato \u00danico de Policias del Uruguay (SUPU)","isPartOf":{"@id":"http:\/\/sindicatopolicial.uy\/web\/#website"},"primaryImageOfPage":{"@id":"http:\/\/sindicatopolicial.uy\/web\/noticias\/el-supu-entrego-botiquines-seccionales-policiales\/#primaryimage"},"image":{"@id":"http:\/\/sindicatopolicial.uy\/web\/noticias\/el-supu-entrego-botiquines-seccionales-policiales\/#primaryimage"},"thumbnailUrl":"http:\/\/sindicatopolicial.uy\/web\/wp-content\/uploads\/2013\/09\/23144-2.jpg","datePublished":"2013-09-03T13:15:53+00:00","dateModified":"2013-09-03T13:18:50+00:00","breadcrumb":{"@id":"http:\/\/sindicatopolicial.uy\/web\/noticias\/el-supu-entrego-botiquines-seccionales-policiales\/#breadcrumb"},"inLanguage":"es","potentialAction":[{"@type":"ReadAction","target":["http:\/\/sindicatopolicial.uy\/web\/noticias\/el-supu-entrego-botiquines-seccionales-policiales\/"]}]},{"@type":"ImageObject","inLanguage":"es","@id":"http:\/\/sindicatopolicial.uy\/web\/noticias\/el-supu-entrego-botiquines-seccionales-policiales\/#primaryimage","url":"http:\/\/sindicatopolicial.uy\/web\/wp-content\/uploads\/2013\/09\/23144-2.jpg","contentUrl":"http:\/\/sindicatopolicial.uy\/web\/wp-content\/uploads\/2013\/09\/23144-2.jpg","width":690,"height":518},{"@type":"BreadcrumbList","@id":"http:\/\/sindicatopolicial.uy\/web\/noticias\/el-supu-entrego-botiquines-seccionales-policiales\/#breadcrumb","itemListElement":[{"@type":"ListItem","position":1,"name":"Portada","item":"http:\/\/sindicatopolicial.uy\/web\/"},{"@type":"ListItem","position":2,"name":"El SUPU entreg\u00f3 botiquines a seccionales policiales"}]},{"@type":"WebSite","@id":"http:\/\/sindicatopolicial.uy\/web\/#website","url":"http:\/\/sindicatopolicial.uy\/web\/","name":"Sindicato \u00danico de Policias del Uruguay (SUPU)","description":"Sindicato \u00danico de Policias del Uruguay","publisher":{"@id":"http:\/\/sindicatopolicial.uy\/web\/#organization"},"potentialAction":[{"@type":"SearchAction","target":{"@type":"EntryPoint","urlTemplate":"http:\/\/sindicatopolicial.uy\/web\/?s={search_term_string}"},"query-input":{"@type":"PropertyValueSpecification","valueRequired":true,"valueName":"search_term_string"}}],"inLanguage":"es"},{"@type":"Organization","@id":"http:\/\/sindicatopolicial.uy\/web\/#organization","name":"Sindicato \u00danico de Policias del Uruguay","url":"http:\/\/sindicatopolicial.uy\/web\/","logo":{"@type":"ImageObject","inLanguage":"es","@id":"http:\/\/sindicatopolicial.uy\/web\/#\/schema\/logo\/image\/","url":"http:\/\/sindicatopolicial.uy\/web\/wp-content\/uploads\/2013\/07\/logo-supu-300-e1660692515353.png","contentUrl":"http:\/\/sindicatopolicial.uy\/web\/wp-content\/uploads\/2013\/07\/logo-supu-300-e1660692515353.png","width":150,"height":150,"caption":"Sindicato \u00danico de Policias del Uruguay"},"image":{"@id":"http:\/\/sindicatopolicial.uy\/web\/#\/schema\/logo\/image\/"},"sameAs":["https:\/\/x.com\/directivasupu"]},{"@type":"Person","@id":"http:\/\/sindicatopolicial.uy\/web\/#\/schema\/person\/b24a27d8d1b9731460dcaea8b88331d3","name":"admin","url":"http:\/\/sindicatopolicial.uy\/web\/author\/admin\/"}]}},"_links":{"self":[{"href":"http:\/\/sindicatopolicial.uy\/web\/wp-json\/wp\/v2\/posts\/433","targetHints":{"allow":["GET"]}}],"collection":[{"href":"http:\/\/sindicatopolicial.uy\/web\/wp-json\/wp\/v2\/posts"}],"about":[{"href":"http:\/\/sindicatopolicial.uy\/web\/wp-json\/wp\/v2\/types\/post"}],"author":[{"embeddable":true,"href":"http:\/\/sindicatopolicial.uy\/web\/wp-json\/wp\/v2\/users\/1"}],"replies":[{"embeddable":true,"href":"http:\/\/sindicatopolicial.uy\/web\/wp-json\/wp\/v2\/comments?post=433"}],"version-history":[{"count":2,"href":"http:\/\/sindicatopolicial.uy\/web\/wp-json\/wp\/v2\/posts\/433\/revisions"}],"predecessor-version":[{"id":442,"href":"http:\/\/sindicatopolicial.uy\/web\/wp-json\/wp\/v2\/posts\/433\/revisions\/442"}],"wp:featuredmedia":[{"embeddable":true,"href":"http:\/\/sindicatopolicial.uy\/web\/wp-json\/wp\/v2\/media\/434"}],"wp:attachment":[{"href":"http:\/\/sindicatopolicial.uy\/web\/wp-json\/wp\/v2\/media?parent=433"}],"wp:term":[{"taxonomy":"category","embeddable":true,"href":"http:\/\/sindicatopolicial.uy\/web\/wp-json\/wp\/v2\/categories?post=433"},{"taxonomy":"post_tag","embeddable":true,"href":"http:\/\/sindicatopolicial.uy\/web\/wp-json\/wp\/v2\/tags?post=433"}],"curies":[{"name":"wp","href":"https:\/\/api.w.org\/{rel}","templated":true}]}}