{"id":440,"date":"2013-09-03T10:18:06","date_gmt":"2013-09-03T13:18:06","guid":{"rendered":"http:\/\/sindicatopolicial.com.uy\/web\/?p=440"},"modified":"2013-09-03T10:19:09","modified_gmt":"2013-09-03T13:19:09","slug":"reconocimiento-oscar-carrion","status":"publish","type":"post","link":"http:\/\/sindicatopolicial.uy\/web\/departamentales\/reconocimiento-oscar-carrion\/","title":{"rendered":"Reconocimiento a Oscar Carri\u00f3n"},"content":{"rendered":"<p>Una iniciativa del Sindicato Policial (SUPU) que fue elevada a los poderes p\u00fablicos, plantea la posibilidad que la futura Oficina de Deportes que se construye en Parque Centenario lleve el nombre del otrora gran atleta, Oscar Carri\u00f3n.<\/p>\n<p>La nota con la solicitud ingres\u00f3 a la Junta Departamental y se\u00f1ala \u201cel inter\u00e9s del Sindicato Policial que por parte del cuerpo de ediles se trate y se plantee ante quien corresponda, que la futura Oficina de Deportes, cuya obra se est\u00e1 llevando a cabo en el Parque Centenario, lleve como nombre \u201cAtleta Trinitario Oscar Juli\u00e1n Carri\u00f3n Cejas\u201d.<\/p>\n<p>Expresa la nota que la trayectoria de este deportista es sumamente conocida, \u201cpor lo que a nuestros humilde entender ser\u00eda un justo homenaje en vida hacia el mismo\u201d.<\/p>\n<p>Se advierte asimismo que \u201cesta misiva no tiene otro objetivo que el que se menciona, carente de tintes pol\u00edticos y personales. Solo nos anima el af\u00e1n de dar lo justo a quien corresponde\u201d.<\/p>\n<p>Cabe destacar que Oscar Carri\u00f3n fue en la d\u00e9cada del 80 uno de los m\u00e1s distinguidos atletas del Uruguay, habiendo obtenido medallas y trofeos en las m\u00e1s importantes competencias de larga distancia realizadas en nuestro pa\u00eds, habiendo participado con \u00e9xito en pruebas internacionales, entre ellas las tradicionales Fiestas Mayas que se realiza anualmente en la Rep\u00fablica Argentina.<br \/>\nCarri\u00f3n defendi\u00f3 por muchos a\u00f1os al Club Policial de Flores, con cuya casaca logr\u00f3 los mayores triunfos.<\/p>\n<p>Fuente: <a href=\"http:\/\/www.ecosregionales.net\/?noticia=23104\">http:\/\/www.ecosregionales.net\/?noticia=23104<\/a><\/p>\n","protected":false},"excerpt":{"rendered":"<p>Una iniciativa del Sindicato Policial (SUPU) que fue elevada a los poderes p\u00fablicos, plantea la<\/p>\n","protected":false},"author":1,"featured_media":304,"comment_status":"open","ping_status":"open","sticky":false,"template":"","format":"standard","meta":{"ngg_post_thumbnail":0,"footnotes":""},"categories":[4,9],"tags":[38],"class_list":["post-440","post","type-post","status-publish","format-standard","has-post-thumbnail","hentry","category-departamentales","category-flores","tag-flores","gallery-content-unit","fancy-gallery-content-unit"],"yoast_head":"<!-- This site is optimized with the Yoast SEO plugin v26.9 - https:\/\/yoast.com\/product\/yoast-seo-wordpress\/ -->\n<title>Reconocimiento a Oscar Carri\u00f3n - Sindicato \u00danico de Policias del Uruguay (SUPU)<\/title>\n<meta name=\"description\" content=\"Una iniciativa del Sindicato Policial (SUPU) que fue elevada a los poderes p\u00fablicos, plantea la posibilidad que la futura Oficina de Deportes que se construye en Parque Centenario lleve el nombre del otrora gran atleta, Oscar Carri\u00f3n.\" \/>\n<meta name=\"robots\" content=\"index, follow, max-snippet:-1, max-image-preview:large, max-video-preview:-1\" \/>\n<link rel=\"canonical\" href=\"http:\/\/sindicatopolicial.uy\/web\/departamentales\/reconocimiento-oscar-carrion\/\" \/>\n<meta property=\"og:locale\" content=\"es_ES\" \/>\n<meta property=\"og:type\" content=\"article\" \/>\n<meta property=\"og:title\" content=\"Reconocimiento a Oscar Carri\u00f3n - Sindicato \u00danico de Policias del Uruguay (SUPU)\" \/>\n<meta property=\"og:description\" content=\"Una iniciativa del Sindicato Policial (SUPU) que fue elevada a los poderes p\u00fablicos, plantea la posibilidad que la futura Oficina de Deportes que se construye en Parque Centenario lleve el nombre del otrora gran atleta, Oscar Carri\u00f3n.\" \/>\n<meta property=\"og:url\" content=\"http:\/\/sindicatopolicial.uy\/web\/departamentales\/reconocimiento-oscar-carrion\/\" \/>\n<meta property=\"og:site_name\" content=\"Sindicato \u00danico de Policias del Uruguay (SUPU)\" \/>\n<meta property=\"article:published_time\" content=\"2013-09-03T13:18:06+00:00\" \/>\n<meta property=\"article:modified_time\" content=\"2013-09-03T13:19:09+00:00\" \/>\n<meta property=\"og:image\" content=\"http:\/\/sindicatopolicial.uy\/web\/wp-content\/uploads\/2013\/08\/supu-flores2.jpg\" \/>\n\t<meta property=\"og:image:width\" content=\"690\" \/>\n\t<meta property=\"og:image:height\" content=\"350\" \/>\n\t<meta property=\"og:image:type\" content=\"image\/jpeg\" \/>\n<meta name=\"author\" content=\"admin\" \/>\n<meta name=\"twitter:card\" content=\"summary_large_image\" \/>\n<meta name=\"twitter:creator\" content=\"@directivasupu\" \/>\n<meta name=\"twitter:site\" content=\"@directivasupu\" \/>\n<meta name=\"twitter:label1\" content=\"Escrito por\" \/>\n\t<meta name=\"twitter:data1\" content=\"admin\" \/>\n\t<meta name=\"twitter:label2\" content=\"Tiempo de lectura\" \/>\n\t<meta name=\"twitter:data2\" content=\"1 minuto\" \/>\n<script type=\"application\/ld+json\" class=\"yoast-schema-graph\">{\"@context\":\"https:\/\/schema.org\",\"@graph\":[{\"@type\":\"Article\",\"@id\":\"http:\/\/sindicatopolicial.uy\/web\/departamentales\/reconocimiento-oscar-carrion\/#article\",\"isPartOf\":{\"@id\":\"http:\/\/sindicatopolicial.uy\/web\/departamentales\/reconocimiento-oscar-carrion\/\"},\"author\":{\"name\":\"admin\",\"@id\":\"http:\/\/sindicatopolicial.uy\/web\/#\/schema\/person\/b24a27d8d1b9731460dcaea8b88331d3\"},\"headline\":\"Reconocimiento a Oscar Carri\u00f3n\",\"datePublished\":\"2013-09-03T13:18:06+00:00\",\"dateModified\":\"2013-09-03T13:19:09+00:00\",\"mainEntityOfPage\":{\"@id\":\"http:\/\/sindicatopolicial.uy\/web\/departamentales\/reconocimiento-oscar-carrion\/\"},\"wordCount\":257,\"commentCount\":0,\"publisher\":{\"@id\":\"http:\/\/sindicatopolicial.uy\/web\/#organization\"},\"image\":{\"@id\":\"http:\/\/sindicatopolicial.uy\/web\/departamentales\/reconocimiento-oscar-carrion\/#primaryimage\"},\"thumbnailUrl\":\"http:\/\/sindicatopolicial.uy\/web\/wp-content\/uploads\/2013\/08\/supu-flores2.jpg\",\"keywords\":[\"Flores\"],\"articleSection\":[\"Departamentales\",\"Flores\"],\"inLanguage\":\"es\",\"potentialAction\":[{\"@type\":\"CommentAction\",\"name\":\"Comment\",\"target\":[\"http:\/\/sindicatopolicial.uy\/web\/departamentales\/reconocimiento-oscar-carrion\/#respond\"]}]},{\"@type\":\"WebPage\",\"@id\":\"http:\/\/sindicatopolicial.uy\/web\/departamentales\/reconocimiento-oscar-carrion\/\",\"url\":\"http:\/\/sindicatopolicial.uy\/web\/departamentales\/reconocimiento-oscar-carrion\/\",\"name\":\"Reconocimiento a Oscar Carri\u00f3n - Sindicato \u00danico de Policias del Uruguay (SUPU)\",\"isPartOf\":{\"@id\":\"http:\/\/sindicatopolicial.uy\/web\/#website\"},\"primaryImageOfPage\":{\"@id\":\"http:\/\/sindicatopolicial.uy\/web\/departamentales\/reconocimiento-oscar-carrion\/#primaryimage\"},\"image\":{\"@id\":\"http:\/\/sindicatopolicial.uy\/web\/departamentales\/reconocimiento-oscar-carrion\/#primaryimage\"},\"thumbnailUrl\":\"http:\/\/sindicatopolicial.uy\/web\/wp-content\/uploads\/2013\/08\/supu-flores2.jpg\",\"datePublished\":\"2013-09-03T13:18:06+00:00\",\"dateModified\":\"2013-09-03T13:19:09+00:00\",\"description\":\"Una iniciativa del Sindicato Policial (SUPU) que fue elevada a los poderes p\u00fablicos, plantea la posibilidad que la futura Oficina de Deportes que se construye en Parque Centenario lleve el nombre del otrora gran atleta, Oscar Carri\u00f3n.\",\"breadcrumb\":{\"@id\":\"http:\/\/sindicatopolicial.uy\/web\/departamentales\/reconocimiento-oscar-carrion\/#breadcrumb\"},\"inLanguage\":\"es\",\"potentialAction\":[{\"@type\":\"ReadAction\",\"target\":[\"http:\/\/sindicatopolicial.uy\/web\/departamentales\/reconocimiento-oscar-carrion\/\"]}]},{\"@type\":\"ImageObject\",\"inLanguage\":\"es\",\"@id\":\"http:\/\/sindicatopolicial.uy\/web\/departamentales\/reconocimiento-oscar-carrion\/#primaryimage\",\"url\":\"http:\/\/sindicatopolicial.uy\/web\/wp-content\/uploads\/2013\/08\/supu-flores2.jpg\",\"contentUrl\":\"http:\/\/sindicatopolicial.uy\/web\/wp-content\/uploads\/2013\/08\/supu-flores2.jpg\",\"width\":690,\"height\":350},{\"@type\":\"BreadcrumbList\",\"@id\":\"http:\/\/sindicatopolicial.uy\/web\/departamentales\/reconocimiento-oscar-carrion\/#breadcrumb\",\"itemListElement\":[{\"@type\":\"ListItem\",\"position\":1,\"name\":\"Portada\",\"item\":\"http:\/\/sindicatopolicial.uy\/web\/\"},{\"@type\":\"ListItem\",\"position\":2,\"name\":\"Reconocimiento a Oscar Carri\u00f3n\"}]},{\"@type\":\"WebSite\",\"@id\":\"http:\/\/sindicatopolicial.uy\/web\/#website\",\"url\":\"http:\/\/sindicatopolicial.uy\/web\/\",\"name\":\"Sindicato \u00danico de Policias del Uruguay (SUPU)\",\"description\":\"Sindicato \u00danico de Policias del Uruguay\",\"publisher\":{\"@id\":\"http:\/\/sindicatopolicial.uy\/web\/#organization\"},\"potentialAction\":[{\"@type\":\"SearchAction\",\"target\":{\"@type\":\"EntryPoint\",\"urlTemplate\":\"http:\/\/sindicatopolicial.uy\/web\/?s={search_term_string}\"},\"query-input\":{\"@type\":\"PropertyValueSpecification\",\"valueRequired\":true,\"valueName\":\"search_term_string\"}}],\"inLanguage\":\"es\"},{\"@type\":\"Organization\",\"@id\":\"http:\/\/sindicatopolicial.uy\/web\/#organization\",\"name\":\"Sindicato \u00danico de Policias del Uruguay\",\"url\":\"http:\/\/sindicatopolicial.uy\/web\/\",\"logo\":{\"@type\":\"ImageObject\",\"inLanguage\":\"es\",\"@id\":\"http:\/\/sindicatopolicial.uy\/web\/#\/schema\/logo\/image\/\",\"url\":\"http:\/\/sindicatopolicial.uy\/web\/wp-content\/uploads\/2013\/07\/logo-supu-300-e1660692515353.png\",\"contentUrl\":\"http:\/\/sindicatopolicial.uy\/web\/wp-content\/uploads\/2013\/07\/logo-supu-300-e1660692515353.png\",\"width\":150,\"height\":150,\"caption\":\"Sindicato \u00danico de Policias del Uruguay\"},\"image\":{\"@id\":\"http:\/\/sindicatopolicial.uy\/web\/#\/schema\/logo\/image\/\"},\"sameAs\":[\"https:\/\/x.com\/directivasupu\"]},{\"@type\":\"Person\",\"@id\":\"http:\/\/sindicatopolicial.uy\/web\/#\/schema\/person\/b24a27d8d1b9731460dcaea8b88331d3\",\"name\":\"admin\",\"url\":\"http:\/\/sindicatopolicial.uy\/web\/author\/admin\/\"}]}<\/script>\n<!-- \/ Yoast SEO plugin. -->","yoast_head_json":{"title":"Reconocimiento a Oscar Carri\u00f3n - Sindicato \u00danico de Policias del Uruguay (SUPU)","description":"Una iniciativa del Sindicato Policial (SUPU) que fue elevada a los poderes p\u00fablicos, plantea la posibilidad que la futura Oficina de Deportes que se construye en Parque Centenario lleve el nombre del otrora gran atleta, Oscar Carri\u00f3n.","robots":{"index":"index","follow":"follow","max-snippet":"max-snippet:-1","max-image-preview":"max-image-preview:large","max-video-preview":"max-video-preview:-1"},"canonical":"http:\/\/sindicatopolicial.uy\/web\/departamentales\/reconocimiento-oscar-carrion\/","og_locale":"es_ES","og_type":"article","og_title":"Reconocimiento a Oscar Carri\u00f3n - Sindicato \u00danico de Policias del Uruguay (SUPU)","og_description":"Una iniciativa del Sindicato Policial (SUPU) que fue elevada a los poderes p\u00fablicos, plantea la posibilidad que la futura Oficina de Deportes que se construye en Parque Centenario lleve el nombre del otrora gran atleta, Oscar Carri\u00f3n.","og_url":"http:\/\/sindicatopolicial.uy\/web\/departamentales\/reconocimiento-oscar-carrion\/","og_site_name":"Sindicato \u00danico de Policias del Uruguay (SUPU)","article_published_time":"2013-09-03T13:18:06+00:00","article_modified_time":"2013-09-03T13:19:09+00:00","og_image":[{"width":690,"height":350,"url":"http:\/\/sindicatopolicial.uy\/web\/wp-content\/uploads\/2013\/08\/supu-flores2.jpg","type":"image\/jpeg"}],"author":"admin","twitter_card":"summary_large_image","twitter_creator":"@directivasupu","twitter_site":"@directivasupu","twitter_misc":{"Escrito por":"admin","Tiempo de lectura":"1 minuto"},"schema":{"@context":"https:\/\/schema.org","@graph":[{"@type":"Article","@id":"http:\/\/sindicatopolicial.uy\/web\/departamentales\/reconocimiento-oscar-carrion\/#article","isPartOf":{"@id":"http:\/\/sindicatopolicial.uy\/web\/departamentales\/reconocimiento-oscar-carrion\/"},"author":{"name":"admin","@id":"http:\/\/sindicatopolicial.uy\/web\/#\/schema\/person\/b24a27d8d1b9731460dcaea8b88331d3"},"headline":"Reconocimiento a Oscar Carri\u00f3n","datePublished":"2013-09-03T13:18:06+00:00","dateModified":"2013-09-03T13:19:09+00:00","mainEntityOfPage":{"@id":"http:\/\/sindicatopolicial.uy\/web\/departamentales\/reconocimiento-oscar-carrion\/"},"wordCount":257,"commentCount":0,"publisher":{"@id":"http:\/\/sindicatopolicial.uy\/web\/#organization"},"image":{"@id":"http:\/\/sindicatopolicial.uy\/web\/departamentales\/reconocimiento-oscar-carrion\/#primaryimage"},"thumbnailUrl":"http:\/\/sindicatopolicial.uy\/web\/wp-content\/uploads\/2013\/08\/supu-flores2.jpg","keywords":["Flores"],"articleSection":["Departamentales","Flores"],"inLanguage":"es","potentialAction":[{"@type":"CommentAction","name":"Comment","target":["http:\/\/sindicatopolicial.uy\/web\/departamentales\/reconocimiento-oscar-carrion\/#respond"]}]},{"@type":"WebPage","@id":"http:\/\/sindicatopolicial.uy\/web\/departamentales\/reconocimiento-oscar-carrion\/","url":"http:\/\/sindicatopolicial.uy\/web\/departamentales\/reconocimiento-oscar-carrion\/","name":"Reconocimiento a Oscar Carri\u00f3n - Sindicato \u00danico de Policias del Uruguay (SUPU)","isPartOf":{"@id":"http:\/\/sindicatopolicial.uy\/web\/#website"},"primaryImageOfPage":{"@id":"http:\/\/sindicatopolicial.uy\/web\/departamentales\/reconocimiento-oscar-carrion\/#primaryimage"},"image":{"@id":"http:\/\/sindicatopolicial.uy\/web\/departamentales\/reconocimiento-oscar-carrion\/#primaryimage"},"thumbnailUrl":"http:\/\/sindicatopolicial.uy\/web\/wp-content\/uploads\/2013\/08\/supu-flores2.jpg","datePublished":"2013-09-03T13:18:06+00:00","dateModified":"2013-09-03T13:19:09+00:00","description":"Una iniciativa del Sindicato Policial (SUPU) que fue elevada a los poderes p\u00fablicos, plantea la posibilidad que la futura Oficina de Deportes que se construye en Parque Centenario lleve el nombre del otrora gran atleta, Oscar Carri\u00f3n.","breadcrumb":{"@id":"http:\/\/sindicatopolicial.uy\/web\/departamentales\/reconocimiento-oscar-carrion\/#breadcrumb"},"inLanguage":"es","potentialAction":[{"@type":"ReadAction","target":["http:\/\/sindicatopolicial.uy\/web\/departamentales\/reconocimiento-oscar-carrion\/"]}]},{"@type":"ImageObject","inLanguage":"es","@id":"http:\/\/sindicatopolicial.uy\/web\/departamentales\/reconocimiento-oscar-carrion\/#primaryimage","url":"http:\/\/sindicatopolicial.uy\/web\/wp-content\/uploads\/2013\/08\/supu-flores2.jpg","contentUrl":"http:\/\/sindicatopolicial.uy\/web\/wp-content\/uploads\/2013\/08\/supu-flores2.jpg","width":690,"height":350},{"@type":"BreadcrumbList","@id":"http:\/\/sindicatopolicial.uy\/web\/departamentales\/reconocimiento-oscar-carrion\/#breadcrumb","itemListElement":[{"@type":"ListItem","position":1,"name":"Portada","item":"http:\/\/sindicatopolicial.uy\/web\/"},{"@type":"ListItem","position":2,"name":"Reconocimiento a Oscar Carri\u00f3n"}]},{"@type":"WebSite","@id":"http:\/\/sindicatopolicial.uy\/web\/#website","url":"http:\/\/sindicatopolicial.uy\/web\/","name":"Sindicato \u00danico de Policias del Uruguay (SUPU)","description":"Sindicato \u00danico de Policias del Uruguay","publisher":{"@id":"http:\/\/sindicatopolicial.uy\/web\/#organization"},"potentialAction":[{"@type":"SearchAction","target":{"@type":"EntryPoint","urlTemplate":"http:\/\/sindicatopolicial.uy\/web\/?s={search_term_string}"},"query-input":{"@type":"PropertyValueSpecification","valueRequired":true,"valueName":"search_term_string"}}],"inLanguage":"es"},{"@type":"Organization","@id":"http:\/\/sindicatopolicial.uy\/web\/#organization","name":"Sindicato \u00danico de Policias del Uruguay","url":"http:\/\/sindicatopolicial.uy\/web\/","logo":{"@type":"ImageObject","inLanguage":"es","@id":"http:\/\/sindicatopolicial.uy\/web\/#\/schema\/logo\/image\/","url":"http:\/\/sindicatopolicial.uy\/web\/wp-content\/uploads\/2013\/07\/logo-supu-300-e1660692515353.png","contentUrl":"http:\/\/sindicatopolicial.uy\/web\/wp-content\/uploads\/2013\/07\/logo-supu-300-e1660692515353.png","width":150,"height":150,"caption":"Sindicato \u00danico de Policias del Uruguay"},"image":{"@id":"http:\/\/sindicatopolicial.uy\/web\/#\/schema\/logo\/image\/"},"sameAs":["https:\/\/x.com\/directivasupu"]},{"@type":"Person","@id":"http:\/\/sindicatopolicial.uy\/web\/#\/schema\/person\/b24a27d8d1b9731460dcaea8b88331d3","name":"admin","url":"http:\/\/sindicatopolicial.uy\/web\/author\/admin\/"}]}},"_links":{"self":[{"href":"http:\/\/sindicatopolicial.uy\/web\/wp-json\/wp\/v2\/posts\/440","targetHints":{"allow":["GET"]}}],"collection":[{"href":"http:\/\/sindicatopolicial.uy\/web\/wp-json\/wp\/v2\/posts"}],"about":[{"href":"http:\/\/sindicatopolicial.uy\/web\/wp-json\/wp\/v2\/types\/post"}],"author":[{"embeddable":true,"href":"http:\/\/sindicatopolicial.uy\/web\/wp-json\/wp\/v2\/users\/1"}],"replies":[{"embeddable":true,"href":"http:\/\/sindicatopolicial.uy\/web\/wp-json\/wp\/v2\/comments?post=440"}],"version-history":[{"count":2,"href":"http:\/\/sindicatopolicial.uy\/web\/wp-json\/wp\/v2\/posts\/440\/revisions"}],"predecessor-version":[{"id":443,"href":"http:\/\/sindicatopolicial.uy\/web\/wp-json\/wp\/v2\/posts\/440\/revisions\/443"}],"wp:featuredmedia":[{"embeddable":true,"href":"http:\/\/sindicatopolicial.uy\/web\/wp-json\/wp\/v2\/media\/304"}],"wp:attachment":[{"href":"http:\/\/sindicatopolicial.uy\/web\/wp-json\/wp\/v2\/media?parent=440"}],"wp:term":[{"taxonomy":"category","embeddable":true,"href":"http:\/\/sindicatopolicial.uy\/web\/wp-json\/wp\/v2\/categories?post=440"},{"taxonomy":"post_tag","embeddable":true,"href":"http:\/\/sindicatopolicial.uy\/web\/wp-json\/wp\/v2\/tags?post=440"}],"curies":[{"name":"wp","href":"https:\/\/api.w.org\/{rel}","templated":true}]}}