{"id":559,"date":"2013-09-20T10:28:37","date_gmt":"2013-09-20T13:28:37","guid":{"rendered":"http:\/\/sindicatopolicial.com.uy\/web\/?p=559"},"modified":"2013-09-20T10:28:37","modified_gmt":"2013-09-20T13:28:37","slug":"tacuarembo-presente-en-asamblea-2008-en-fray-bentos","status":"publish","type":"post","link":"http:\/\/sindicatopolicial.uy\/web\/departamentales\/tacuarembo-presente-en-asamblea-2008-en-fray-bentos\/","title":{"rendered":"Tacuaremb\u00f3 presente en Asamblea 2008 en Fray Bentos"},"content":{"rendered":"<p>Tacuaremb\u00f3 presente en Asamblea 2008 en Fray Bentos, la cual termin\u00f3 desencadenando la firma del primer y gran acuerdo con el Ministerio del Interior, cuando el SUPU integraba la Mesa Intersindical Policial (M.I.P.), LOGRANDOSE BLANQUEO \u00a0DE LAS PARTIDAS SALARIALES EN NEGRO, a saber RIESGO DE VIDA, PRIMA T\u00c9CNICA, y VIATICO ALIMENTACION, el blanqueo del 222 y la bonificaci\u00f3n de a\u00f1os para el retiro por trabajo insalubre, en cuatro a\u00f1os aportamos por el 100 por ciento del sueldo, mejoraron los retiros y aguinaldos<\/p>\n<div class=\"gallery fancy-gallery gallery-default\" id=\"gallery_560-561-562\"><a href=\"http:\/\/sindicatopolicial.uy\/web\/wp-content\/uploads\/2013\/09\/100_0033.jpg\" title=\"Tacuaremb\u00f3 presente en Asamblea 2008 en Fray Bentos\" class=\"\"><img decoding=\"async\" src=\"http:\/\/sindicatopolicial.uy\/web\/wp-content\/uploads\/2013\/09\/100_0033-150x150.jpg\" width=\"150\" height=\"150\" class=\"attachment-thumbnail\" alt=\"Tacuaremb\u00f3 presente en Asamblea 2008 en Fray Bentos\" title=\"Tacuaremb\u00f3 presente en Asamblea 2008 en Fray Bentos\" ><\/a><a href=\"http:\/\/sindicatopolicial.uy\/web\/wp-content\/uploads\/2013\/09\/100_0034.jpg\" title=\"Tacuaremb\u00f3 presente en Asamblea 2008 en Fray Bentos\" class=\"\"><img decoding=\"async\" src=\"http:\/\/sindicatopolicial.uy\/web\/wp-content\/uploads\/2013\/09\/100_0034-150x150.jpg\" width=\"150\" height=\"150\" class=\"attachment-thumbnail\" alt=\"Tacuaremb\u00f3 presente en Asamblea 2008 en Fray Bentos\" title=\"Tacuaremb\u00f3 presente en Asamblea 2008 en Fray Bentos\" ><\/a><a href=\"http:\/\/sindicatopolicial.uy\/web\/wp-content\/uploads\/2013\/09\/100_0037.jpg\" title=\"Tacuaremb\u00f3 presente en Asamblea 2008 en Fray Bentos\" class=\"\"><img decoding=\"async\" src=\"http:\/\/sindicatopolicial.uy\/web\/wp-content\/uploads\/2013\/09\/100_0037-150x150.jpg\" width=\"150\" height=\"150\" class=\"attachment-thumbnail\" alt=\"Tacuaremb\u00f3 presente en Asamblea 2008 en Fray Bentos\" title=\"Tacuaremb\u00f3 presente en Asamblea 2008 en Fray Bentos\" ><\/a><\/div>\n","protected":false},"excerpt":{"rendered":"<p>Tacuaremb\u00f3 presente en Asamblea 2008 en Fray Bentos, la cual termin\u00f3 desencadenando la firma del<\/p>\n","protected":false},"author":1,"featured_media":562,"comment_status":"open","ping_status":"open","sticky":false,"template":"","format":"gallery","meta":{"ngg_post_thumbnail":0,"footnotes":""},"categories":[4,17],"tags":[53],"class_list":["post-559","post","type-post","status-publish","format-gallery","has-post-thumbnail","hentry","category-departamentales","category-tacuarembo","tag-tacuarembo","post_format-post-format-gallery","gallery-content-unit","fancy-gallery-content-unit"],"yoast_head":"<!-- This site is optimized with the Yoast SEO plugin v26.9 - https:\/\/yoast.com\/product\/yoast-seo-wordpress\/ -->\n<title>Tacuaremb\u00f3 presente en Asamblea 2008 en Fray Bentos - Sindicato \u00danico de Policias del Uruguay (SUPU)<\/title>\n<meta name=\"description\" content=\"Tacuaremb\u00f3 presente en Asamblea 2008 en Fray Bentos. SUPU \u2013 Sindicato \u00danico de Policias del Uruguay\" \/>\n<meta name=\"robots\" content=\"index, follow, max-snippet:-1, max-image-preview:large, max-video-preview:-1\" \/>\n<link rel=\"canonical\" href=\"https:\/\/sindicatopolicial.uy\/web\/departamentales\/tacuarembo-presente-en-asamblea-2008-en-fray-bentos\/\" \/>\n<meta property=\"og:locale\" content=\"es_ES\" \/>\n<meta property=\"og:type\" content=\"article\" \/>\n<meta property=\"og:title\" content=\"Tacuaremb\u00f3 presente en Asamblea 2008 en Fray Bentos - Sindicato \u00danico de Policias del Uruguay (SUPU)\" \/>\n<meta property=\"og:description\" content=\"Tacuaremb\u00f3 presente en Asamblea 2008 en Fray Bentos. SUPU \u2013 Sindicato \u00danico de Policias del Uruguay\" \/>\n<meta property=\"og:url\" content=\"https:\/\/sindicatopolicial.uy\/web\/departamentales\/tacuarembo-presente-en-asamblea-2008-en-fray-bentos\/\" \/>\n<meta property=\"og:site_name\" content=\"Sindicato \u00danico de Policias del Uruguay (SUPU)\" \/>\n<meta property=\"article:published_time\" content=\"2013-09-20T13:28:37+00:00\" \/>\n<meta property=\"og:image\" content=\"https:\/\/sindicatopolicial.uy\/web\/wp-content\/uploads\/2013\/09\/100_0037.jpg\" \/>\n\t<meta property=\"og:image:width\" content=\"690\" \/>\n\t<meta property=\"og:image:height\" content=\"518\" \/>\n\t<meta property=\"og:image:type\" content=\"image\/jpeg\" \/>\n<meta name=\"author\" content=\"admin\" \/>\n<meta name=\"twitter:card\" content=\"summary_large_image\" \/>\n<meta name=\"twitter:creator\" content=\"@directivasupu\" \/>\n<meta name=\"twitter:site\" content=\"@directivasupu\" \/>\n<meta name=\"twitter:label1\" content=\"Escrito por\" \/>\n\t<meta name=\"twitter:data1\" content=\"admin\" \/>\n<script type=\"application\/ld+json\" class=\"yoast-schema-graph\">{\"@context\":\"https:\/\/schema.org\",\"@graph\":[{\"@type\":\"Article\",\"@id\":\"https:\/\/sindicatopolicial.uy\/web\/departamentales\/tacuarembo-presente-en-asamblea-2008-en-fray-bentos\/#article\",\"isPartOf\":{\"@id\":\"https:\/\/sindicatopolicial.uy\/web\/departamentales\/tacuarembo-presente-en-asamblea-2008-en-fray-bentos\/\"},\"author\":{\"name\":\"admin\",\"@id\":\"http:\/\/sindicatopolicial.uy\/web\/#\/schema\/person\/b24a27d8d1b9731460dcaea8b88331d3\"},\"headline\":\"Tacuaremb\u00f3 presente en Asamblea 2008 en Fray Bentos\",\"datePublished\":\"2013-09-20T13:28:37+00:00\",\"mainEntityOfPage\":{\"@id\":\"https:\/\/sindicatopolicial.uy\/web\/departamentales\/tacuarembo-presente-en-asamblea-2008-en-fray-bentos\/\"},\"wordCount\":96,\"commentCount\":0,\"publisher\":{\"@id\":\"http:\/\/sindicatopolicial.uy\/web\/#organization\"},\"image\":{\"@id\":\"https:\/\/sindicatopolicial.uy\/web\/departamentales\/tacuarembo-presente-en-asamblea-2008-en-fray-bentos\/#primaryimage\"},\"thumbnailUrl\":\"http:\/\/sindicatopolicial.uy\/web\/wp-content\/uploads\/2013\/09\/100_0037.jpg\",\"keywords\":[\"Tacuaremb\u00f3\"],\"articleSection\":[\"Departamentales\",\"Tacuaremb\u00f3\"],\"inLanguage\":\"es\",\"potentialAction\":[{\"@type\":\"CommentAction\",\"name\":\"Comment\",\"target\":[\"https:\/\/sindicatopolicial.uy\/web\/departamentales\/tacuarembo-presente-en-asamblea-2008-en-fray-bentos\/#respond\"]}]},{\"@type\":\"WebPage\",\"@id\":\"https:\/\/sindicatopolicial.uy\/web\/departamentales\/tacuarembo-presente-en-asamblea-2008-en-fray-bentos\/\",\"url\":\"https:\/\/sindicatopolicial.uy\/web\/departamentales\/tacuarembo-presente-en-asamblea-2008-en-fray-bentos\/\",\"name\":\"Tacuaremb\u00f3 presente en Asamblea 2008 en Fray Bentos - Sindicato \u00danico de Policias del Uruguay (SUPU)\",\"isPartOf\":{\"@id\":\"http:\/\/sindicatopolicial.uy\/web\/#website\"},\"primaryImageOfPage\":{\"@id\":\"https:\/\/sindicatopolicial.uy\/web\/departamentales\/tacuarembo-presente-en-asamblea-2008-en-fray-bentos\/#primaryimage\"},\"image\":{\"@id\":\"https:\/\/sindicatopolicial.uy\/web\/departamentales\/tacuarembo-presente-en-asamblea-2008-en-fray-bentos\/#primaryimage\"},\"thumbnailUrl\":\"http:\/\/sindicatopolicial.uy\/web\/wp-content\/uploads\/2013\/09\/100_0037.jpg\",\"datePublished\":\"2013-09-20T13:28:37+00:00\",\"description\":\"Tacuaremb\u00f3 presente en Asamblea 2008 en Fray Bentos. SUPU \u2013 Sindicato \u00danico de Policias del Uruguay\",\"breadcrumb\":{\"@id\":\"https:\/\/sindicatopolicial.uy\/web\/departamentales\/tacuarembo-presente-en-asamblea-2008-en-fray-bentos\/#breadcrumb\"},\"inLanguage\":\"es\",\"potentialAction\":[{\"@type\":\"ReadAction\",\"target\":[\"https:\/\/sindicatopolicial.uy\/web\/departamentales\/tacuarembo-presente-en-asamblea-2008-en-fray-bentos\/\"]}]},{\"@type\":\"ImageObject\",\"inLanguage\":\"es\",\"@id\":\"https:\/\/sindicatopolicial.uy\/web\/departamentales\/tacuarembo-presente-en-asamblea-2008-en-fray-bentos\/#primaryimage\",\"url\":\"http:\/\/sindicatopolicial.uy\/web\/wp-content\/uploads\/2013\/09\/100_0037.jpg\",\"contentUrl\":\"http:\/\/sindicatopolicial.uy\/web\/wp-content\/uploads\/2013\/09\/100_0037.jpg\",\"width\":690,\"height\":518,\"caption\":\"Tacuaremb\u00f3 presente en Asamblea 2008 en Fray Bentos\"},{\"@type\":\"BreadcrumbList\",\"@id\":\"https:\/\/sindicatopolicial.uy\/web\/departamentales\/tacuarembo-presente-en-asamblea-2008-en-fray-bentos\/#breadcrumb\",\"itemListElement\":[{\"@type\":\"ListItem\",\"position\":1,\"name\":\"Portada\",\"item\":\"http:\/\/sindicatopolicial.uy\/web\/\"},{\"@type\":\"ListItem\",\"position\":2,\"name\":\"Tacuaremb\u00f3 presente en Asamblea 2008 en Fray Bentos\"}]},{\"@type\":\"WebSite\",\"@id\":\"http:\/\/sindicatopolicial.uy\/web\/#website\",\"url\":\"http:\/\/sindicatopolicial.uy\/web\/\",\"name\":\"Sindicato \u00danico de Policias del Uruguay (SUPU)\",\"description\":\"Sindicato \u00danico de Policias del Uruguay\",\"publisher\":{\"@id\":\"http:\/\/sindicatopolicial.uy\/web\/#organization\"},\"potentialAction\":[{\"@type\":\"SearchAction\",\"target\":{\"@type\":\"EntryPoint\",\"urlTemplate\":\"http:\/\/sindicatopolicial.uy\/web\/?s={search_term_string}\"},\"query-input\":{\"@type\":\"PropertyValueSpecification\",\"valueRequired\":true,\"valueName\":\"search_term_string\"}}],\"inLanguage\":\"es\"},{\"@type\":\"Organization\",\"@id\":\"http:\/\/sindicatopolicial.uy\/web\/#organization\",\"name\":\"Sindicato \u00danico de Policias del Uruguay\",\"url\":\"http:\/\/sindicatopolicial.uy\/web\/\",\"logo\":{\"@type\":\"ImageObject\",\"inLanguage\":\"es\",\"@id\":\"http:\/\/sindicatopolicial.uy\/web\/#\/schema\/logo\/image\/\",\"url\":\"http:\/\/sindicatopolicial.uy\/web\/wp-content\/uploads\/2013\/07\/logo-supu-300-e1660692515353.png\",\"contentUrl\":\"http:\/\/sindicatopolicial.uy\/web\/wp-content\/uploads\/2013\/07\/logo-supu-300-e1660692515353.png\",\"width\":150,\"height\":150,\"caption\":\"Sindicato \u00danico de Policias del Uruguay\"},\"image\":{\"@id\":\"http:\/\/sindicatopolicial.uy\/web\/#\/schema\/logo\/image\/\"},\"sameAs\":[\"https:\/\/x.com\/directivasupu\"]},{\"@type\":\"Person\",\"@id\":\"http:\/\/sindicatopolicial.uy\/web\/#\/schema\/person\/b24a27d8d1b9731460dcaea8b88331d3\",\"name\":\"admin\",\"url\":\"http:\/\/sindicatopolicial.uy\/web\/author\/admin\/\"}]}<\/script>\n<!-- \/ Yoast SEO plugin. -->","yoast_head_json":{"title":"Tacuaremb\u00f3 presente en Asamblea 2008 en Fray Bentos - Sindicato \u00danico de Policias del Uruguay (SUPU)","description":"Tacuaremb\u00f3 presente en Asamblea 2008 en Fray Bentos. SUPU \u2013 Sindicato \u00danico de Policias del Uruguay","robots":{"index":"index","follow":"follow","max-snippet":"max-snippet:-1","max-image-preview":"max-image-preview:large","max-video-preview":"max-video-preview:-1"},"canonical":"https:\/\/sindicatopolicial.uy\/web\/departamentales\/tacuarembo-presente-en-asamblea-2008-en-fray-bentos\/","og_locale":"es_ES","og_type":"article","og_title":"Tacuaremb\u00f3 presente en Asamblea 2008 en Fray Bentos - Sindicato \u00danico de Policias del Uruguay (SUPU)","og_description":"Tacuaremb\u00f3 presente en Asamblea 2008 en Fray Bentos. SUPU \u2013 Sindicato \u00danico de Policias del Uruguay","og_url":"https:\/\/sindicatopolicial.uy\/web\/departamentales\/tacuarembo-presente-en-asamblea-2008-en-fray-bentos\/","og_site_name":"Sindicato \u00danico de Policias del Uruguay (SUPU)","article_published_time":"2013-09-20T13:28:37+00:00","og_image":[{"width":690,"height":518,"url":"https:\/\/sindicatopolicial.uy\/web\/wp-content\/uploads\/2013\/09\/100_0037.jpg","type":"image\/jpeg"}],"author":"admin","twitter_card":"summary_large_image","twitter_creator":"@directivasupu","twitter_site":"@directivasupu","twitter_misc":{"Escrito por":"admin"},"schema":{"@context":"https:\/\/schema.org","@graph":[{"@type":"Article","@id":"https:\/\/sindicatopolicial.uy\/web\/departamentales\/tacuarembo-presente-en-asamblea-2008-en-fray-bentos\/#article","isPartOf":{"@id":"https:\/\/sindicatopolicial.uy\/web\/departamentales\/tacuarembo-presente-en-asamblea-2008-en-fray-bentos\/"},"author":{"name":"admin","@id":"http:\/\/sindicatopolicial.uy\/web\/#\/schema\/person\/b24a27d8d1b9731460dcaea8b88331d3"},"headline":"Tacuaremb\u00f3 presente en Asamblea 2008 en Fray Bentos","datePublished":"2013-09-20T13:28:37+00:00","mainEntityOfPage":{"@id":"https:\/\/sindicatopolicial.uy\/web\/departamentales\/tacuarembo-presente-en-asamblea-2008-en-fray-bentos\/"},"wordCount":96,"commentCount":0,"publisher":{"@id":"http:\/\/sindicatopolicial.uy\/web\/#organization"},"image":{"@id":"https:\/\/sindicatopolicial.uy\/web\/departamentales\/tacuarembo-presente-en-asamblea-2008-en-fray-bentos\/#primaryimage"},"thumbnailUrl":"http:\/\/sindicatopolicial.uy\/web\/wp-content\/uploads\/2013\/09\/100_0037.jpg","keywords":["Tacuaremb\u00f3"],"articleSection":["Departamentales","Tacuaremb\u00f3"],"inLanguage":"es","potentialAction":[{"@type":"CommentAction","name":"Comment","target":["https:\/\/sindicatopolicial.uy\/web\/departamentales\/tacuarembo-presente-en-asamblea-2008-en-fray-bentos\/#respond"]}]},{"@type":"WebPage","@id":"https:\/\/sindicatopolicial.uy\/web\/departamentales\/tacuarembo-presente-en-asamblea-2008-en-fray-bentos\/","url":"https:\/\/sindicatopolicial.uy\/web\/departamentales\/tacuarembo-presente-en-asamblea-2008-en-fray-bentos\/","name":"Tacuaremb\u00f3 presente en Asamblea 2008 en Fray Bentos - Sindicato \u00danico de Policias del Uruguay (SUPU)","isPartOf":{"@id":"http:\/\/sindicatopolicial.uy\/web\/#website"},"primaryImageOfPage":{"@id":"https:\/\/sindicatopolicial.uy\/web\/departamentales\/tacuarembo-presente-en-asamblea-2008-en-fray-bentos\/#primaryimage"},"image":{"@id":"https:\/\/sindicatopolicial.uy\/web\/departamentales\/tacuarembo-presente-en-asamblea-2008-en-fray-bentos\/#primaryimage"},"thumbnailUrl":"http:\/\/sindicatopolicial.uy\/web\/wp-content\/uploads\/2013\/09\/100_0037.jpg","datePublished":"2013-09-20T13:28:37+00:00","description":"Tacuaremb\u00f3 presente en Asamblea 2008 en Fray Bentos. SUPU \u2013 Sindicato \u00danico de Policias del Uruguay","breadcrumb":{"@id":"https:\/\/sindicatopolicial.uy\/web\/departamentales\/tacuarembo-presente-en-asamblea-2008-en-fray-bentos\/#breadcrumb"},"inLanguage":"es","potentialAction":[{"@type":"ReadAction","target":["https:\/\/sindicatopolicial.uy\/web\/departamentales\/tacuarembo-presente-en-asamblea-2008-en-fray-bentos\/"]}]},{"@type":"ImageObject","inLanguage":"es","@id":"https:\/\/sindicatopolicial.uy\/web\/departamentales\/tacuarembo-presente-en-asamblea-2008-en-fray-bentos\/#primaryimage","url":"http:\/\/sindicatopolicial.uy\/web\/wp-content\/uploads\/2013\/09\/100_0037.jpg","contentUrl":"http:\/\/sindicatopolicial.uy\/web\/wp-content\/uploads\/2013\/09\/100_0037.jpg","width":690,"height":518,"caption":"Tacuaremb\u00f3 presente en Asamblea 2008 en Fray Bentos"},{"@type":"BreadcrumbList","@id":"https:\/\/sindicatopolicial.uy\/web\/departamentales\/tacuarembo-presente-en-asamblea-2008-en-fray-bentos\/#breadcrumb","itemListElement":[{"@type":"ListItem","position":1,"name":"Portada","item":"http:\/\/sindicatopolicial.uy\/web\/"},{"@type":"ListItem","position":2,"name":"Tacuaremb\u00f3 presente en Asamblea 2008 en Fray Bentos"}]},{"@type":"WebSite","@id":"http:\/\/sindicatopolicial.uy\/web\/#website","url":"http:\/\/sindicatopolicial.uy\/web\/","name":"Sindicato \u00danico de Policias del Uruguay (SUPU)","description":"Sindicato \u00danico de Policias del Uruguay","publisher":{"@id":"http:\/\/sindicatopolicial.uy\/web\/#organization"},"potentialAction":[{"@type":"SearchAction","target":{"@type":"EntryPoint","urlTemplate":"http:\/\/sindicatopolicial.uy\/web\/?s={search_term_string}"},"query-input":{"@type":"PropertyValueSpecification","valueRequired":true,"valueName":"search_term_string"}}],"inLanguage":"es"},{"@type":"Organization","@id":"http:\/\/sindicatopolicial.uy\/web\/#organization","name":"Sindicato \u00danico de Policias del Uruguay","url":"http:\/\/sindicatopolicial.uy\/web\/","logo":{"@type":"ImageObject","inLanguage":"es","@id":"http:\/\/sindicatopolicial.uy\/web\/#\/schema\/logo\/image\/","url":"http:\/\/sindicatopolicial.uy\/web\/wp-content\/uploads\/2013\/07\/logo-supu-300-e1660692515353.png","contentUrl":"http:\/\/sindicatopolicial.uy\/web\/wp-content\/uploads\/2013\/07\/logo-supu-300-e1660692515353.png","width":150,"height":150,"caption":"Sindicato \u00danico de Policias del Uruguay"},"image":{"@id":"http:\/\/sindicatopolicial.uy\/web\/#\/schema\/logo\/image\/"},"sameAs":["https:\/\/x.com\/directivasupu"]},{"@type":"Person","@id":"http:\/\/sindicatopolicial.uy\/web\/#\/schema\/person\/b24a27d8d1b9731460dcaea8b88331d3","name":"admin","url":"http:\/\/sindicatopolicial.uy\/web\/author\/admin\/"}]}},"_links":{"self":[{"href":"http:\/\/sindicatopolicial.uy\/web\/wp-json\/wp\/v2\/posts\/559","targetHints":{"allow":["GET"]}}],"collection":[{"href":"http:\/\/sindicatopolicial.uy\/web\/wp-json\/wp\/v2\/posts"}],"about":[{"href":"http:\/\/sindicatopolicial.uy\/web\/wp-json\/wp\/v2\/types\/post"}],"author":[{"embeddable":true,"href":"http:\/\/sindicatopolicial.uy\/web\/wp-json\/wp\/v2\/users\/1"}],"replies":[{"embeddable":true,"href":"http:\/\/sindicatopolicial.uy\/web\/wp-json\/wp\/v2\/comments?post=559"}],"version-history":[{"count":1,"href":"http:\/\/sindicatopolicial.uy\/web\/wp-json\/wp\/v2\/posts\/559\/revisions"}],"predecessor-version":[{"id":564,"href":"http:\/\/sindicatopolicial.uy\/web\/wp-json\/wp\/v2\/posts\/559\/revisions\/564"}],"wp:featuredmedia":[{"embeddable":true,"href":"http:\/\/sindicatopolicial.uy\/web\/wp-json\/wp\/v2\/media\/562"}],"wp:attachment":[{"href":"http:\/\/sindicatopolicial.uy\/web\/wp-json\/wp\/v2\/media?parent=559"}],"wp:term":[{"taxonomy":"category","embeddable":true,"href":"http:\/\/sindicatopolicial.uy\/web\/wp-json\/wp\/v2\/categories?post=559"},{"taxonomy":"post_tag","embeddable":true,"href":"http:\/\/sindicatopolicial.uy\/web\/wp-json\/wp\/v2\/tags?post=559"}],"curies":[{"name":"wp","href":"https:\/\/api.w.org\/{rel}","templated":true}]}}