{"id":566,"date":"2013-09-20T10:38:32","date_gmt":"2013-09-20T13:38:32","guid":{"rendered":"http:\/\/sindicatopolicial.com.uy\/web\/?p=566"},"modified":"2013-09-20T10:38:32","modified_gmt":"2013-09-20T13:38:32","slug":"dia-de-la-policia-nacional-en-tacuarembo","status":"publish","type":"post","link":"http:\/\/sindicatopolicial.uy\/web\/departamentales\/dia-de-la-policia-nacional-en-tacuarembo\/","title":{"rendered":"D\u00eda de la Polic\u00eda Nacional en Tacuaremb\u00f3"},"content":{"rendered":"<p>Festejos y homenaje el d\u00eda de la Polic\u00eda Nacional en Tacuaremb\u00f3 con participaci\u00f3n de la Departamental del SUPU<\/p>\n<p>&nbsp;<\/p>\n<div class=\"gallery fancy-gallery gallery-default\" id=\"gallery_567-568-569-571\"><a href=\"http:\/\/sindicatopolicial.uy\/web\/wp-content\/uploads\/2013\/09\/DSC_0005.jpg\" title=\"D\u00eda de la Polic\u00eda Nacional en Tacuaremb\u00f3\" class=\"\"><img decoding=\"async\" src=\"http:\/\/sindicatopolicial.uy\/web\/wp-content\/uploads\/2013\/09\/DSC_0005-150x150.jpg\" width=\"150\" height=\"150\" class=\"attachment-thumbnail\" alt=\"D\u00eda de la Polic\u00eda Nacional en Tacuaremb\u00f3\" title=\"D\u00eda de la Polic\u00eda Nacional en Tacuaremb\u00f3\" ><\/a><a href=\"http:\/\/sindicatopolicial.uy\/web\/wp-content\/uploads\/2013\/09\/DSC_0007.jpg\" title=\"D\u00eda de la Polic\u00eda Nacional en Tacuaremb\u00f3\" class=\"\"><img decoding=\"async\" src=\"http:\/\/sindicatopolicial.uy\/web\/wp-content\/uploads\/2013\/09\/DSC_0007-150x150.jpg\" width=\"150\" height=\"150\" class=\"attachment-thumbnail\" alt=\"D\u00eda de la Polic\u00eda Nacional en Tacuaremb\u00f3\" title=\"D\u00eda de la Polic\u00eda Nacional en Tacuaremb\u00f3\" ><\/a><a href=\"http:\/\/sindicatopolicial.uy\/web\/wp-content\/uploads\/2013\/09\/DSC_0022.jpg\" title=\"D\u00eda de la Polic\u00eda Nacional en Tacuaremb\u00f3\" class=\"\"><img decoding=\"async\" src=\"http:\/\/sindicatopolicial.uy\/web\/wp-content\/uploads\/2013\/09\/DSC_0022-150x150.jpg\" width=\"150\" height=\"150\" class=\"attachment-thumbnail\" alt=\"D\u00eda de la Polic\u00eda Nacional en Tacuaremb\u00f3\" title=\"D\u00eda de la Polic\u00eda Nacional en Tacuaremb\u00f3\" ><\/a><a href=\"http:\/\/sindicatopolicial.uy\/web\/wp-content\/uploads\/2013\/09\/DSC_0039.jpg\" title=\"D\u00eda de la Polic\u00eda Nacional en Tacuaremb\u00f3\" class=\"\"><img loading=\"lazy\" decoding=\"async\" src=\"http:\/\/sindicatopolicial.uy\/web\/wp-content\/uploads\/2013\/09\/DSC_0039-150x150.jpg\" width=\"150\" height=\"150\" class=\"attachment-thumbnail\" alt=\"D\u00eda de la Polic\u00eda Nacional en Tacuaremb\u00f3\" title=\"D\u00eda de la Polic\u00eda Nacional en Tacuaremb\u00f3\" ><\/a><\/div>\n","protected":false},"excerpt":{"rendered":"<p>Festejos y homenaje el d\u00eda de la Polic\u00eda Nacional en Tacuaremb\u00f3 con participaci\u00f3n de la<\/p>\n","protected":false},"author":1,"featured_media":571,"comment_status":"open","ping_status":"open","sticky":false,"template":"","format":"gallery","meta":{"ngg_post_thumbnail":0,"footnotes":""},"categories":[4,17],"tags":[53],"class_list":["post-566","post","type-post","status-publish","format-gallery","has-post-thumbnail","hentry","category-departamentales","category-tacuarembo","tag-tacuarembo","post_format-post-format-gallery","gallery-content-unit","fancy-gallery-content-unit"],"yoast_head":"<!-- This site is optimized with the Yoast SEO plugin v26.9 - https:\/\/yoast.com\/product\/yoast-seo-wordpress\/ -->\n<title>D\u00eda de la Polic\u00eda Nacional en Tacuaremb\u00f3 - Sindicato \u00danico de Policias del Uruguay (SUPU)<\/title>\n<meta name=\"robots\" content=\"index, follow, max-snippet:-1, max-image-preview:large, max-video-preview:-1\" \/>\n<link rel=\"canonical\" href=\"https:\/\/sindicatopolicial.uy\/web\/departamentales\/dia-de-la-policia-nacional-en-tacuarembo\/\" \/>\n<meta property=\"og:locale\" content=\"es_ES\" \/>\n<meta property=\"og:type\" content=\"article\" \/>\n<meta property=\"og:title\" content=\"D\u00eda de la Polic\u00eda Nacional en Tacuaremb\u00f3 - Sindicato \u00danico de Policias del Uruguay (SUPU)\" \/>\n<meta property=\"og:description\" content=\"Festejos y homenaje el d\u00eda de la Polic\u00eda Nacional en Tacuaremb\u00f3 con participaci\u00f3n de la\" \/>\n<meta property=\"og:url\" content=\"https:\/\/sindicatopolicial.uy\/web\/departamentales\/dia-de-la-policia-nacional-en-tacuarembo\/\" \/>\n<meta property=\"og:site_name\" content=\"Sindicato \u00danico de Policias del Uruguay (SUPU)\" \/>\n<meta property=\"article:published_time\" content=\"2013-09-20T13:38:32+00:00\" \/>\n<meta property=\"og:image\" content=\"https:\/\/sindicatopolicial.uy\/web\/wp-content\/uploads\/2013\/09\/DSC_0039.jpg\" \/>\n\t<meta property=\"og:image:width\" content=\"690\" \/>\n\t<meta property=\"og:image:height\" content=\"458\" \/>\n\t<meta property=\"og:image:type\" content=\"image\/jpeg\" \/>\n<meta name=\"author\" content=\"admin\" \/>\n<meta name=\"twitter:card\" content=\"summary_large_image\" \/>\n<meta name=\"twitter:creator\" content=\"@directivasupu\" \/>\n<meta name=\"twitter:site\" content=\"@directivasupu\" \/>\n<meta name=\"twitter:label1\" content=\"Escrito por\" \/>\n\t<meta name=\"twitter:data1\" content=\"admin\" \/>\n<script type=\"application\/ld+json\" class=\"yoast-schema-graph\">{\"@context\":\"https:\/\/schema.org\",\"@graph\":[{\"@type\":\"Article\",\"@id\":\"https:\/\/sindicatopolicial.uy\/web\/departamentales\/dia-de-la-policia-nacional-en-tacuarembo\/#article\",\"isPartOf\":{\"@id\":\"https:\/\/sindicatopolicial.uy\/web\/departamentales\/dia-de-la-policia-nacional-en-tacuarembo\/\"},\"author\":{\"name\":\"admin\",\"@id\":\"http:\/\/sindicatopolicial.uy\/web\/#\/schema\/person\/b24a27d8d1b9731460dcaea8b88331d3\"},\"headline\":\"D\u00eda de la Polic\u00eda Nacional en Tacuaremb\u00f3\",\"datePublished\":\"2013-09-20T13:38:32+00:00\",\"mainEntityOfPage\":{\"@id\":\"https:\/\/sindicatopolicial.uy\/web\/departamentales\/dia-de-la-policia-nacional-en-tacuarembo\/\"},\"wordCount\":35,\"commentCount\":0,\"publisher\":{\"@id\":\"http:\/\/sindicatopolicial.uy\/web\/#organization\"},\"image\":{\"@id\":\"https:\/\/sindicatopolicial.uy\/web\/departamentales\/dia-de-la-policia-nacional-en-tacuarembo\/#primaryimage\"},\"thumbnailUrl\":\"http:\/\/sindicatopolicial.uy\/web\/wp-content\/uploads\/2013\/09\/DSC_0039.jpg\",\"keywords\":[\"Tacuaremb\u00f3\"],\"articleSection\":[\"Departamentales\",\"Tacuaremb\u00f3\"],\"inLanguage\":\"es\",\"potentialAction\":[{\"@type\":\"CommentAction\",\"name\":\"Comment\",\"target\":[\"https:\/\/sindicatopolicial.uy\/web\/departamentales\/dia-de-la-policia-nacional-en-tacuarembo\/#respond\"]}]},{\"@type\":\"WebPage\",\"@id\":\"https:\/\/sindicatopolicial.uy\/web\/departamentales\/dia-de-la-policia-nacional-en-tacuarembo\/\",\"url\":\"https:\/\/sindicatopolicial.uy\/web\/departamentales\/dia-de-la-policia-nacional-en-tacuarembo\/\",\"name\":\"D\u00eda de la Polic\u00eda Nacional en Tacuaremb\u00f3 - Sindicato \u00danico de Policias del Uruguay (SUPU)\",\"isPartOf\":{\"@id\":\"http:\/\/sindicatopolicial.uy\/web\/#website\"},\"primaryImageOfPage\":{\"@id\":\"https:\/\/sindicatopolicial.uy\/web\/departamentales\/dia-de-la-policia-nacional-en-tacuarembo\/#primaryimage\"},\"image\":{\"@id\":\"https:\/\/sindicatopolicial.uy\/web\/departamentales\/dia-de-la-policia-nacional-en-tacuarembo\/#primaryimage\"},\"thumbnailUrl\":\"http:\/\/sindicatopolicial.uy\/web\/wp-content\/uploads\/2013\/09\/DSC_0039.jpg\",\"datePublished\":\"2013-09-20T13:38:32+00:00\",\"breadcrumb\":{\"@id\":\"https:\/\/sindicatopolicial.uy\/web\/departamentales\/dia-de-la-policia-nacional-en-tacuarembo\/#breadcrumb\"},\"inLanguage\":\"es\",\"potentialAction\":[{\"@type\":\"ReadAction\",\"target\":[\"https:\/\/sindicatopolicial.uy\/web\/departamentales\/dia-de-la-policia-nacional-en-tacuarembo\/\"]}]},{\"@type\":\"ImageObject\",\"inLanguage\":\"es\",\"@id\":\"https:\/\/sindicatopolicial.uy\/web\/departamentales\/dia-de-la-policia-nacional-en-tacuarembo\/#primaryimage\",\"url\":\"http:\/\/sindicatopolicial.uy\/web\/wp-content\/uploads\/2013\/09\/DSC_0039.jpg\",\"contentUrl\":\"http:\/\/sindicatopolicial.uy\/web\/wp-content\/uploads\/2013\/09\/DSC_0039.jpg\",\"width\":690,\"height\":458,\"caption\":\"D\u00eda de la Polic\u00eda Nacional en Tacuaremb\u00f3\"},{\"@type\":\"BreadcrumbList\",\"@id\":\"https:\/\/sindicatopolicial.uy\/web\/departamentales\/dia-de-la-policia-nacional-en-tacuarembo\/#breadcrumb\",\"itemListElement\":[{\"@type\":\"ListItem\",\"position\":1,\"name\":\"Portada\",\"item\":\"http:\/\/sindicatopolicial.uy\/web\/\"},{\"@type\":\"ListItem\",\"position\":2,\"name\":\"D\u00eda de la Polic\u00eda Nacional en Tacuaremb\u00f3\"}]},{\"@type\":\"WebSite\",\"@id\":\"http:\/\/sindicatopolicial.uy\/web\/#website\",\"url\":\"http:\/\/sindicatopolicial.uy\/web\/\",\"name\":\"Sindicato \u00danico de Policias del Uruguay (SUPU)\",\"description\":\"Sindicato \u00danico de Policias del Uruguay\",\"publisher\":{\"@id\":\"http:\/\/sindicatopolicial.uy\/web\/#organization\"},\"potentialAction\":[{\"@type\":\"SearchAction\",\"target\":{\"@type\":\"EntryPoint\",\"urlTemplate\":\"http:\/\/sindicatopolicial.uy\/web\/?s={search_term_string}\"},\"query-input\":{\"@type\":\"PropertyValueSpecification\",\"valueRequired\":true,\"valueName\":\"search_term_string\"}}],\"inLanguage\":\"es\"},{\"@type\":\"Organization\",\"@id\":\"http:\/\/sindicatopolicial.uy\/web\/#organization\",\"name\":\"Sindicato \u00danico de Policias del Uruguay\",\"url\":\"http:\/\/sindicatopolicial.uy\/web\/\",\"logo\":{\"@type\":\"ImageObject\",\"inLanguage\":\"es\",\"@id\":\"http:\/\/sindicatopolicial.uy\/web\/#\/schema\/logo\/image\/\",\"url\":\"http:\/\/sindicatopolicial.uy\/web\/wp-content\/uploads\/2013\/07\/logo-supu-300-e1660692515353.png\",\"contentUrl\":\"http:\/\/sindicatopolicial.uy\/web\/wp-content\/uploads\/2013\/07\/logo-supu-300-e1660692515353.png\",\"width\":150,\"height\":150,\"caption\":\"Sindicato \u00danico de Policias del Uruguay\"},\"image\":{\"@id\":\"http:\/\/sindicatopolicial.uy\/web\/#\/schema\/logo\/image\/\"},\"sameAs\":[\"https:\/\/x.com\/directivasupu\"]},{\"@type\":\"Person\",\"@id\":\"http:\/\/sindicatopolicial.uy\/web\/#\/schema\/person\/b24a27d8d1b9731460dcaea8b88331d3\",\"name\":\"admin\",\"url\":\"http:\/\/sindicatopolicial.uy\/web\/author\/admin\/\"}]}<\/script>\n<!-- \/ Yoast SEO plugin. -->","yoast_head_json":{"title":"D\u00eda de la Polic\u00eda Nacional en Tacuaremb\u00f3 - Sindicato \u00danico de Policias del Uruguay (SUPU)","robots":{"index":"index","follow":"follow","max-snippet":"max-snippet:-1","max-image-preview":"max-image-preview:large","max-video-preview":"max-video-preview:-1"},"canonical":"https:\/\/sindicatopolicial.uy\/web\/departamentales\/dia-de-la-policia-nacional-en-tacuarembo\/","og_locale":"es_ES","og_type":"article","og_title":"D\u00eda de la Polic\u00eda Nacional en Tacuaremb\u00f3 - Sindicato \u00danico de Policias del Uruguay (SUPU)","og_description":"Festejos y homenaje el d\u00eda de la Polic\u00eda Nacional en Tacuaremb\u00f3 con participaci\u00f3n de la","og_url":"https:\/\/sindicatopolicial.uy\/web\/departamentales\/dia-de-la-policia-nacional-en-tacuarembo\/","og_site_name":"Sindicato \u00danico de Policias del Uruguay (SUPU)","article_published_time":"2013-09-20T13:38:32+00:00","og_image":[{"width":690,"height":458,"url":"https:\/\/sindicatopolicial.uy\/web\/wp-content\/uploads\/2013\/09\/DSC_0039.jpg","type":"image\/jpeg"}],"author":"admin","twitter_card":"summary_large_image","twitter_creator":"@directivasupu","twitter_site":"@directivasupu","twitter_misc":{"Escrito por":"admin"},"schema":{"@context":"https:\/\/schema.org","@graph":[{"@type":"Article","@id":"https:\/\/sindicatopolicial.uy\/web\/departamentales\/dia-de-la-policia-nacional-en-tacuarembo\/#article","isPartOf":{"@id":"https:\/\/sindicatopolicial.uy\/web\/departamentales\/dia-de-la-policia-nacional-en-tacuarembo\/"},"author":{"name":"admin","@id":"http:\/\/sindicatopolicial.uy\/web\/#\/schema\/person\/b24a27d8d1b9731460dcaea8b88331d3"},"headline":"D\u00eda de la Polic\u00eda Nacional en Tacuaremb\u00f3","datePublished":"2013-09-20T13:38:32+00:00","mainEntityOfPage":{"@id":"https:\/\/sindicatopolicial.uy\/web\/departamentales\/dia-de-la-policia-nacional-en-tacuarembo\/"},"wordCount":35,"commentCount":0,"publisher":{"@id":"http:\/\/sindicatopolicial.uy\/web\/#organization"},"image":{"@id":"https:\/\/sindicatopolicial.uy\/web\/departamentales\/dia-de-la-policia-nacional-en-tacuarembo\/#primaryimage"},"thumbnailUrl":"http:\/\/sindicatopolicial.uy\/web\/wp-content\/uploads\/2013\/09\/DSC_0039.jpg","keywords":["Tacuaremb\u00f3"],"articleSection":["Departamentales","Tacuaremb\u00f3"],"inLanguage":"es","potentialAction":[{"@type":"CommentAction","name":"Comment","target":["https:\/\/sindicatopolicial.uy\/web\/departamentales\/dia-de-la-policia-nacional-en-tacuarembo\/#respond"]}]},{"@type":"WebPage","@id":"https:\/\/sindicatopolicial.uy\/web\/departamentales\/dia-de-la-policia-nacional-en-tacuarembo\/","url":"https:\/\/sindicatopolicial.uy\/web\/departamentales\/dia-de-la-policia-nacional-en-tacuarembo\/","name":"D\u00eda de la Polic\u00eda Nacional en Tacuaremb\u00f3 - Sindicato \u00danico de Policias del Uruguay (SUPU)","isPartOf":{"@id":"http:\/\/sindicatopolicial.uy\/web\/#website"},"primaryImageOfPage":{"@id":"https:\/\/sindicatopolicial.uy\/web\/departamentales\/dia-de-la-policia-nacional-en-tacuarembo\/#primaryimage"},"image":{"@id":"https:\/\/sindicatopolicial.uy\/web\/departamentales\/dia-de-la-policia-nacional-en-tacuarembo\/#primaryimage"},"thumbnailUrl":"http:\/\/sindicatopolicial.uy\/web\/wp-content\/uploads\/2013\/09\/DSC_0039.jpg","datePublished":"2013-09-20T13:38:32+00:00","breadcrumb":{"@id":"https:\/\/sindicatopolicial.uy\/web\/departamentales\/dia-de-la-policia-nacional-en-tacuarembo\/#breadcrumb"},"inLanguage":"es","potentialAction":[{"@type":"ReadAction","target":["https:\/\/sindicatopolicial.uy\/web\/departamentales\/dia-de-la-policia-nacional-en-tacuarembo\/"]}]},{"@type":"ImageObject","inLanguage":"es","@id":"https:\/\/sindicatopolicial.uy\/web\/departamentales\/dia-de-la-policia-nacional-en-tacuarembo\/#primaryimage","url":"http:\/\/sindicatopolicial.uy\/web\/wp-content\/uploads\/2013\/09\/DSC_0039.jpg","contentUrl":"http:\/\/sindicatopolicial.uy\/web\/wp-content\/uploads\/2013\/09\/DSC_0039.jpg","width":690,"height":458,"caption":"D\u00eda de la Polic\u00eda Nacional en Tacuaremb\u00f3"},{"@type":"BreadcrumbList","@id":"https:\/\/sindicatopolicial.uy\/web\/departamentales\/dia-de-la-policia-nacional-en-tacuarembo\/#breadcrumb","itemListElement":[{"@type":"ListItem","position":1,"name":"Portada","item":"http:\/\/sindicatopolicial.uy\/web\/"},{"@type":"ListItem","position":2,"name":"D\u00eda de la Polic\u00eda Nacional en Tacuaremb\u00f3"}]},{"@type":"WebSite","@id":"http:\/\/sindicatopolicial.uy\/web\/#website","url":"http:\/\/sindicatopolicial.uy\/web\/","name":"Sindicato \u00danico de Policias del Uruguay (SUPU)","description":"Sindicato \u00danico de Policias del Uruguay","publisher":{"@id":"http:\/\/sindicatopolicial.uy\/web\/#organization"},"potentialAction":[{"@type":"SearchAction","target":{"@type":"EntryPoint","urlTemplate":"http:\/\/sindicatopolicial.uy\/web\/?s={search_term_string}"},"query-input":{"@type":"PropertyValueSpecification","valueRequired":true,"valueName":"search_term_string"}}],"inLanguage":"es"},{"@type":"Organization","@id":"http:\/\/sindicatopolicial.uy\/web\/#organization","name":"Sindicato \u00danico de Policias del Uruguay","url":"http:\/\/sindicatopolicial.uy\/web\/","logo":{"@type":"ImageObject","inLanguage":"es","@id":"http:\/\/sindicatopolicial.uy\/web\/#\/schema\/logo\/image\/","url":"http:\/\/sindicatopolicial.uy\/web\/wp-content\/uploads\/2013\/07\/logo-supu-300-e1660692515353.png","contentUrl":"http:\/\/sindicatopolicial.uy\/web\/wp-content\/uploads\/2013\/07\/logo-supu-300-e1660692515353.png","width":150,"height":150,"caption":"Sindicato \u00danico de Policias del Uruguay"},"image":{"@id":"http:\/\/sindicatopolicial.uy\/web\/#\/schema\/logo\/image\/"},"sameAs":["https:\/\/x.com\/directivasupu"]},{"@type":"Person","@id":"http:\/\/sindicatopolicial.uy\/web\/#\/schema\/person\/b24a27d8d1b9731460dcaea8b88331d3","name":"admin","url":"http:\/\/sindicatopolicial.uy\/web\/author\/admin\/"}]}},"_links":{"self":[{"href":"http:\/\/sindicatopolicial.uy\/web\/wp-json\/wp\/v2\/posts\/566","targetHints":{"allow":["GET"]}}],"collection":[{"href":"http:\/\/sindicatopolicial.uy\/web\/wp-json\/wp\/v2\/posts"}],"about":[{"href":"http:\/\/sindicatopolicial.uy\/web\/wp-json\/wp\/v2\/types\/post"}],"author":[{"embeddable":true,"href":"http:\/\/sindicatopolicial.uy\/web\/wp-json\/wp\/v2\/users\/1"}],"replies":[{"embeddable":true,"href":"http:\/\/sindicatopolicial.uy\/web\/wp-json\/wp\/v2\/comments?post=566"}],"version-history":[{"count":1,"href":"http:\/\/sindicatopolicial.uy\/web\/wp-json\/wp\/v2\/posts\/566\/revisions"}],"predecessor-version":[{"id":572,"href":"http:\/\/sindicatopolicial.uy\/web\/wp-json\/wp\/v2\/posts\/566\/revisions\/572"}],"wp:featuredmedia":[{"embeddable":true,"href":"http:\/\/sindicatopolicial.uy\/web\/wp-json\/wp\/v2\/media\/571"}],"wp:attachment":[{"href":"http:\/\/sindicatopolicial.uy\/web\/wp-json\/wp\/v2\/media?parent=566"}],"wp:term":[{"taxonomy":"category","embeddable":true,"href":"http:\/\/sindicatopolicial.uy\/web\/wp-json\/wp\/v2\/categories?post=566"},{"taxonomy":"post_tag","embeddable":true,"href":"http:\/\/sindicatopolicial.uy\/web\/wp-json\/wp\/v2\/tags?post=566"}],"curies":[{"name":"wp","href":"https:\/\/api.w.org\/{rel}","templated":true}]}}