{"id":584,"date":"2013-09-20T11:16:04","date_gmt":"2013-09-20T14:16:04","guid":{"rendered":"http:\/\/sindicatopolicial.com.uy\/web\/?p=584"},"modified":"2013-09-20T11:16:04","modified_gmt":"2013-09-20T14:16:04","slug":"recopilacion-desde-los-inicios-de-la-filial","status":"publish","type":"post","link":"http:\/\/sindicatopolicial.uy\/web\/departamentales\/recopilacion-desde-los-inicios-de-la-filial\/","title":{"rendered":"Recopilaci\u00f3n desde los inicios de la Filial"},"content":{"rendered":"<p>En el a\u00f1o 2007 el entonces Sargento 1ro. Jos\u00e9 Pedro Madrid propuso a los compa\u00f1eros Sgto Douglas Gonzalez, Agtes Oscar Pagalday, Henry Ferreira, Fredy Ferr\u00e9, Jorge Madrid, Noel Pereira, Daniel Santana, Walter Leal y Diego Da Silva, las intenciones de fundad una filial del Sindicato Policial S.U.P.U, en esta ciudad, lo que buen bien recibida sus intenciones. Realizando una asamblea el 29 de Agosto del a\u00f1o 2007, comenzando a funcionar como tal desde entonces con 30 socios.<\/p>\n<p>En el a\u00f1o 2008, se logro la publicaci\u00f3n de la revista \u201cLA VOZ DEL POLIC\u00cdA\u201d, con el apoyo de la Comisi\u00f3n Nacional; desde la fundaci\u00f3n se viene trabajando a nivel local y nacional, en todos los temas que puedan redundar en beneficios para los polic\u00edas, principalmente para los que nunca pudieron hacerse escuchar en sus derechos y reclamos, para ello la filial contrato los servicios del Doctor Cley Espinosa Balbuena.<\/p>\n<p>Luego se continuo el trabajo Sindical, presentando demandas por \u201cSUELDOS MAL LIQUIDADOS\u201d, \u201cLIQUIDACI\u00d3N ASENSOS\u201d, \u201cPRESTAMOS UI\u201d. Denuncias y tramites varios por Administraci\u00f3n de Jefatura, participaci\u00f3n activa durante 3 a\u00f1os en el Plenario Departamental de Trabajadores, participaci\u00f3n activa en la creaci\u00f3n de PVS Programa de Viviendas Sindicales, participaci\u00f3n en las elecciones del B.P.S.<\/p>\n<p>Acercamiento con los poderes pol\u00edticos, reuniones en Junta Departamental, representantes Nacionales del departamento, reuni\u00f3n con los Senadores Sergio Abreu y Heber Da Rosa.<\/p>\n<p>Ayuda a la familia policial, en casos concretos; como ser entrega de materiales de construcci\u00f3n para un polic\u00eda con problemas en su vivienda.<\/p>\n<p>Participaci\u00f3n y entrega de proyectos en reforma Ley Org\u00e1nica Policial, Ley de Jubilaciones 18405, Proyecto Hogar Estudiantil.<\/p>\n<p>En cuanto a la Sede Sindical que funciona en calle Consejal Catalogne No.215, se realizaron reformas en la misma, se acondiciono y puso en pr\u00e1ctica de una \u201cSALA DE INFORMATICA\u201d para que tanto los socios como sus familiares, puedan tener acceso a cursos inform\u00e1ticos. Adem\u00e1s de el acceso a internet para los estudiantes con fines de acceder a materiales de estudio. En acci\u00f3n social se promovi\u00f3 el deporte mas concretamente futbol, donde se organizo un campeonato con la participaci\u00f3n de once equipos\u00a0 denomin\u00e1ndolo \u201c1ER. CAMPEONATO INTEGRACI\u00d3N POLICIAL\u201d, adem\u00e1s de expandirlo interdepartamental, donde participo Paysand\u00fa.<\/p>\n<p>No queremos despedirnos sin antes saludar y agradecer todo el aporte que realizaron para el crecimiento sindical a los compa\u00f1eros:<\/p>\n<p>Fredy Ferr\u00e9, Mariana Rodr\u00edguez, Noel Pereira, Andres Gonzalez, Alcides Fernandez, Oscar Pagalday, Ruben Sandin, Artigas Duarte, Jos\u00e9 Maria Ramos, Roberto Cardozo, Oscar Lima, Fernando de los Santos, Basilicio Martinotti, Jorge Vega, Gisley Rodr\u00edguez.<\/p>\n","protected":false},"excerpt":{"rendered":"<p>En el a\u00f1o 2007 el entonces Sargento 1ro. Jos\u00e9 Pedro Madrid propuso a los compa\u00f1eros<\/p>\n","protected":false},"author":1,"featured_media":541,"comment_status":"open","ping_status":"open","sticky":false,"template":"","format":"standard","meta":{"ngg_post_thumbnail":0,"footnotes":""},"categories":[4,17],"tags":[],"class_list":["post-584","post","type-post","status-publish","format-standard","has-post-thumbnail","hentry","category-departamentales","category-tacuarembo","gallery-content-unit","fancy-gallery-content-unit"],"yoast_head":"<!-- This site is optimized with the Yoast SEO plugin v26.9 - https:\/\/yoast.com\/product\/yoast-seo-wordpress\/ -->\n<title>Recopilaci\u00f3n desde los inicios de la Filial - Sindicato \u00danico de Policias del Uruguay (SUPU)<\/title>\n<meta name=\"robots\" content=\"index, follow, max-snippet:-1, max-image-preview:large, max-video-preview:-1\" \/>\n<link rel=\"canonical\" href=\"http:\/\/sindicatopolicial.uy\/web\/departamentales\/recopilacion-desde-los-inicios-de-la-filial\/\" \/>\n<meta property=\"og:locale\" content=\"es_ES\" \/>\n<meta property=\"og:type\" content=\"article\" \/>\n<meta property=\"og:title\" content=\"Recopilaci\u00f3n desde los inicios de la Filial - Sindicato \u00danico de Policias del Uruguay (SUPU)\" \/>\n<meta property=\"og:description\" content=\"En el a\u00f1o 2007 el entonces Sargento 1ro. Jos\u00e9 Pedro Madrid propuso a los compa\u00f1eros\" \/>\n<meta property=\"og:url\" content=\"http:\/\/sindicatopolicial.uy\/web\/departamentales\/recopilacion-desde-los-inicios-de-la-filial\/\" \/>\n<meta property=\"og:site_name\" content=\"Sindicato \u00danico de Policias del Uruguay (SUPU)\" \/>\n<meta property=\"article:published_time\" content=\"2013-09-20T14:16:04+00:00\" \/>\n<meta property=\"og:image\" content=\"http:\/\/sindicatopolicial.uy\/web\/wp-content\/uploads\/2013\/09\/supu-tacuarembo.jpg\" \/>\n\t<meta property=\"og:image:width\" content=\"690\" \/>\n\t<meta property=\"og:image:height\" content=\"350\" \/>\n\t<meta property=\"og:image:type\" content=\"image\/jpeg\" \/>\n<meta name=\"author\" content=\"admin\" \/>\n<meta name=\"twitter:card\" content=\"summary_large_image\" \/>\n<meta name=\"twitter:creator\" content=\"@directivasupu\" \/>\n<meta name=\"twitter:site\" content=\"@directivasupu\" \/>\n<meta name=\"twitter:label1\" content=\"Escrito por\" \/>\n\t<meta name=\"twitter:data1\" content=\"admin\" \/>\n\t<meta name=\"twitter:label2\" content=\"Tiempo de lectura\" \/>\n\t<meta name=\"twitter:data2\" content=\"2 minutos\" \/>\n<script type=\"application\/ld+json\" class=\"yoast-schema-graph\">{\"@context\":\"https:\/\/schema.org\",\"@graph\":[{\"@type\":\"Article\",\"@id\":\"http:\/\/sindicatopolicial.uy\/web\/departamentales\/recopilacion-desde-los-inicios-de-la-filial\/#article\",\"isPartOf\":{\"@id\":\"http:\/\/sindicatopolicial.uy\/web\/departamentales\/recopilacion-desde-los-inicios-de-la-filial\/\"},\"author\":{\"name\":\"admin\",\"@id\":\"http:\/\/sindicatopolicial.uy\/web\/#\/schema\/person\/b24a27d8d1b9731460dcaea8b88331d3\"},\"headline\":\"Recopilaci\u00f3n desde los inicios de la Filial\",\"datePublished\":\"2013-09-20T14:16:04+00:00\",\"mainEntityOfPage\":{\"@id\":\"http:\/\/sindicatopolicial.uy\/web\/departamentales\/recopilacion-desde-los-inicios-de-la-filial\/\"},\"wordCount\":448,\"commentCount\":0,\"publisher\":{\"@id\":\"http:\/\/sindicatopolicial.uy\/web\/#organization\"},\"image\":{\"@id\":\"http:\/\/sindicatopolicial.uy\/web\/departamentales\/recopilacion-desde-los-inicios-de-la-filial\/#primaryimage\"},\"thumbnailUrl\":\"http:\/\/sindicatopolicial.uy\/web\/wp-content\/uploads\/2013\/09\/supu-tacuarembo.jpg\",\"articleSection\":[\"Departamentales\",\"Tacuaremb\u00f3\"],\"inLanguage\":\"es\",\"potentialAction\":[{\"@type\":\"CommentAction\",\"name\":\"Comment\",\"target\":[\"http:\/\/sindicatopolicial.uy\/web\/departamentales\/recopilacion-desde-los-inicios-de-la-filial\/#respond\"]}]},{\"@type\":\"WebPage\",\"@id\":\"http:\/\/sindicatopolicial.uy\/web\/departamentales\/recopilacion-desde-los-inicios-de-la-filial\/\",\"url\":\"http:\/\/sindicatopolicial.uy\/web\/departamentales\/recopilacion-desde-los-inicios-de-la-filial\/\",\"name\":\"Recopilaci\u00f3n desde los inicios de la Filial - Sindicato \u00danico de Policias del Uruguay (SUPU)\",\"isPartOf\":{\"@id\":\"http:\/\/sindicatopolicial.uy\/web\/#website\"},\"primaryImageOfPage\":{\"@id\":\"http:\/\/sindicatopolicial.uy\/web\/departamentales\/recopilacion-desde-los-inicios-de-la-filial\/#primaryimage\"},\"image\":{\"@id\":\"http:\/\/sindicatopolicial.uy\/web\/departamentales\/recopilacion-desde-los-inicios-de-la-filial\/#primaryimage\"},\"thumbnailUrl\":\"http:\/\/sindicatopolicial.uy\/web\/wp-content\/uploads\/2013\/09\/supu-tacuarembo.jpg\",\"datePublished\":\"2013-09-20T14:16:04+00:00\",\"breadcrumb\":{\"@id\":\"http:\/\/sindicatopolicial.uy\/web\/departamentales\/recopilacion-desde-los-inicios-de-la-filial\/#breadcrumb\"},\"inLanguage\":\"es\",\"potentialAction\":[{\"@type\":\"ReadAction\",\"target\":[\"http:\/\/sindicatopolicial.uy\/web\/departamentales\/recopilacion-desde-los-inicios-de-la-filial\/\"]}]},{\"@type\":\"ImageObject\",\"inLanguage\":\"es\",\"@id\":\"http:\/\/sindicatopolicial.uy\/web\/departamentales\/recopilacion-desde-los-inicios-de-la-filial\/#primaryimage\",\"url\":\"http:\/\/sindicatopolicial.uy\/web\/wp-content\/uploads\/2013\/09\/supu-tacuarembo.jpg\",\"contentUrl\":\"http:\/\/sindicatopolicial.uy\/web\/wp-content\/uploads\/2013\/09\/supu-tacuarembo.jpg\",\"width\":690,\"height\":350},{\"@type\":\"BreadcrumbList\",\"@id\":\"http:\/\/sindicatopolicial.uy\/web\/departamentales\/recopilacion-desde-los-inicios-de-la-filial\/#breadcrumb\",\"itemListElement\":[{\"@type\":\"ListItem\",\"position\":1,\"name\":\"Portada\",\"item\":\"http:\/\/sindicatopolicial.uy\/web\/\"},{\"@type\":\"ListItem\",\"position\":2,\"name\":\"Recopilaci\u00f3n desde los inicios de la Filial\"}]},{\"@type\":\"WebSite\",\"@id\":\"http:\/\/sindicatopolicial.uy\/web\/#website\",\"url\":\"http:\/\/sindicatopolicial.uy\/web\/\",\"name\":\"Sindicato \u00danico de Policias del Uruguay (SUPU)\",\"description\":\"Sindicato \u00danico de Policias del Uruguay\",\"publisher\":{\"@id\":\"http:\/\/sindicatopolicial.uy\/web\/#organization\"},\"potentialAction\":[{\"@type\":\"SearchAction\",\"target\":{\"@type\":\"EntryPoint\",\"urlTemplate\":\"http:\/\/sindicatopolicial.uy\/web\/?s={search_term_string}\"},\"query-input\":{\"@type\":\"PropertyValueSpecification\",\"valueRequired\":true,\"valueName\":\"search_term_string\"}}],\"inLanguage\":\"es\"},{\"@type\":\"Organization\",\"@id\":\"http:\/\/sindicatopolicial.uy\/web\/#organization\",\"name\":\"Sindicato \u00danico de Policias del Uruguay\",\"url\":\"http:\/\/sindicatopolicial.uy\/web\/\",\"logo\":{\"@type\":\"ImageObject\",\"inLanguage\":\"es\",\"@id\":\"http:\/\/sindicatopolicial.uy\/web\/#\/schema\/logo\/image\/\",\"url\":\"http:\/\/sindicatopolicial.uy\/web\/wp-content\/uploads\/2013\/07\/logo-supu-300-e1660692515353.png\",\"contentUrl\":\"http:\/\/sindicatopolicial.uy\/web\/wp-content\/uploads\/2013\/07\/logo-supu-300-e1660692515353.png\",\"width\":150,\"height\":150,\"caption\":\"Sindicato \u00danico de Policias del Uruguay\"},\"image\":{\"@id\":\"http:\/\/sindicatopolicial.uy\/web\/#\/schema\/logo\/image\/\"},\"sameAs\":[\"https:\/\/x.com\/directivasupu\"]},{\"@type\":\"Person\",\"@id\":\"http:\/\/sindicatopolicial.uy\/web\/#\/schema\/person\/b24a27d8d1b9731460dcaea8b88331d3\",\"name\":\"admin\",\"url\":\"http:\/\/sindicatopolicial.uy\/web\/author\/admin\/\"}]}<\/script>\n<!-- \/ Yoast SEO plugin. -->","yoast_head_json":{"title":"Recopilaci\u00f3n desde los inicios de la Filial - Sindicato \u00danico de Policias del Uruguay (SUPU)","robots":{"index":"index","follow":"follow","max-snippet":"max-snippet:-1","max-image-preview":"max-image-preview:large","max-video-preview":"max-video-preview:-1"},"canonical":"http:\/\/sindicatopolicial.uy\/web\/departamentales\/recopilacion-desde-los-inicios-de-la-filial\/","og_locale":"es_ES","og_type":"article","og_title":"Recopilaci\u00f3n desde los inicios de la Filial - Sindicato \u00danico de Policias del Uruguay (SUPU)","og_description":"En el a\u00f1o 2007 el entonces Sargento 1ro. Jos\u00e9 Pedro Madrid propuso a los compa\u00f1eros","og_url":"http:\/\/sindicatopolicial.uy\/web\/departamentales\/recopilacion-desde-los-inicios-de-la-filial\/","og_site_name":"Sindicato \u00danico de Policias del Uruguay (SUPU)","article_published_time":"2013-09-20T14:16:04+00:00","og_image":[{"width":690,"height":350,"url":"http:\/\/sindicatopolicial.uy\/web\/wp-content\/uploads\/2013\/09\/supu-tacuarembo.jpg","type":"image\/jpeg"}],"author":"admin","twitter_card":"summary_large_image","twitter_creator":"@directivasupu","twitter_site":"@directivasupu","twitter_misc":{"Escrito por":"admin","Tiempo de lectura":"2 minutos"},"schema":{"@context":"https:\/\/schema.org","@graph":[{"@type":"Article","@id":"http:\/\/sindicatopolicial.uy\/web\/departamentales\/recopilacion-desde-los-inicios-de-la-filial\/#article","isPartOf":{"@id":"http:\/\/sindicatopolicial.uy\/web\/departamentales\/recopilacion-desde-los-inicios-de-la-filial\/"},"author":{"name":"admin","@id":"http:\/\/sindicatopolicial.uy\/web\/#\/schema\/person\/b24a27d8d1b9731460dcaea8b88331d3"},"headline":"Recopilaci\u00f3n desde los inicios de la Filial","datePublished":"2013-09-20T14:16:04+00:00","mainEntityOfPage":{"@id":"http:\/\/sindicatopolicial.uy\/web\/departamentales\/recopilacion-desde-los-inicios-de-la-filial\/"},"wordCount":448,"commentCount":0,"publisher":{"@id":"http:\/\/sindicatopolicial.uy\/web\/#organization"},"image":{"@id":"http:\/\/sindicatopolicial.uy\/web\/departamentales\/recopilacion-desde-los-inicios-de-la-filial\/#primaryimage"},"thumbnailUrl":"http:\/\/sindicatopolicial.uy\/web\/wp-content\/uploads\/2013\/09\/supu-tacuarembo.jpg","articleSection":["Departamentales","Tacuaremb\u00f3"],"inLanguage":"es","potentialAction":[{"@type":"CommentAction","name":"Comment","target":["http:\/\/sindicatopolicial.uy\/web\/departamentales\/recopilacion-desde-los-inicios-de-la-filial\/#respond"]}]},{"@type":"WebPage","@id":"http:\/\/sindicatopolicial.uy\/web\/departamentales\/recopilacion-desde-los-inicios-de-la-filial\/","url":"http:\/\/sindicatopolicial.uy\/web\/departamentales\/recopilacion-desde-los-inicios-de-la-filial\/","name":"Recopilaci\u00f3n desde los inicios de la Filial - Sindicato \u00danico de Policias del Uruguay (SUPU)","isPartOf":{"@id":"http:\/\/sindicatopolicial.uy\/web\/#website"},"primaryImageOfPage":{"@id":"http:\/\/sindicatopolicial.uy\/web\/departamentales\/recopilacion-desde-los-inicios-de-la-filial\/#primaryimage"},"image":{"@id":"http:\/\/sindicatopolicial.uy\/web\/departamentales\/recopilacion-desde-los-inicios-de-la-filial\/#primaryimage"},"thumbnailUrl":"http:\/\/sindicatopolicial.uy\/web\/wp-content\/uploads\/2013\/09\/supu-tacuarembo.jpg","datePublished":"2013-09-20T14:16:04+00:00","breadcrumb":{"@id":"http:\/\/sindicatopolicial.uy\/web\/departamentales\/recopilacion-desde-los-inicios-de-la-filial\/#breadcrumb"},"inLanguage":"es","potentialAction":[{"@type":"ReadAction","target":["http:\/\/sindicatopolicial.uy\/web\/departamentales\/recopilacion-desde-los-inicios-de-la-filial\/"]}]},{"@type":"ImageObject","inLanguage":"es","@id":"http:\/\/sindicatopolicial.uy\/web\/departamentales\/recopilacion-desde-los-inicios-de-la-filial\/#primaryimage","url":"http:\/\/sindicatopolicial.uy\/web\/wp-content\/uploads\/2013\/09\/supu-tacuarembo.jpg","contentUrl":"http:\/\/sindicatopolicial.uy\/web\/wp-content\/uploads\/2013\/09\/supu-tacuarembo.jpg","width":690,"height":350},{"@type":"BreadcrumbList","@id":"http:\/\/sindicatopolicial.uy\/web\/departamentales\/recopilacion-desde-los-inicios-de-la-filial\/#breadcrumb","itemListElement":[{"@type":"ListItem","position":1,"name":"Portada","item":"http:\/\/sindicatopolicial.uy\/web\/"},{"@type":"ListItem","position":2,"name":"Recopilaci\u00f3n desde los inicios de la Filial"}]},{"@type":"WebSite","@id":"http:\/\/sindicatopolicial.uy\/web\/#website","url":"http:\/\/sindicatopolicial.uy\/web\/","name":"Sindicato \u00danico de Policias del Uruguay (SUPU)","description":"Sindicato \u00danico de Policias del Uruguay","publisher":{"@id":"http:\/\/sindicatopolicial.uy\/web\/#organization"},"potentialAction":[{"@type":"SearchAction","target":{"@type":"EntryPoint","urlTemplate":"http:\/\/sindicatopolicial.uy\/web\/?s={search_term_string}"},"query-input":{"@type":"PropertyValueSpecification","valueRequired":true,"valueName":"search_term_string"}}],"inLanguage":"es"},{"@type":"Organization","@id":"http:\/\/sindicatopolicial.uy\/web\/#organization","name":"Sindicato \u00danico de Policias del Uruguay","url":"http:\/\/sindicatopolicial.uy\/web\/","logo":{"@type":"ImageObject","inLanguage":"es","@id":"http:\/\/sindicatopolicial.uy\/web\/#\/schema\/logo\/image\/","url":"http:\/\/sindicatopolicial.uy\/web\/wp-content\/uploads\/2013\/07\/logo-supu-300-e1660692515353.png","contentUrl":"http:\/\/sindicatopolicial.uy\/web\/wp-content\/uploads\/2013\/07\/logo-supu-300-e1660692515353.png","width":150,"height":150,"caption":"Sindicato \u00danico de Policias del Uruguay"},"image":{"@id":"http:\/\/sindicatopolicial.uy\/web\/#\/schema\/logo\/image\/"},"sameAs":["https:\/\/x.com\/directivasupu"]},{"@type":"Person","@id":"http:\/\/sindicatopolicial.uy\/web\/#\/schema\/person\/b24a27d8d1b9731460dcaea8b88331d3","name":"admin","url":"http:\/\/sindicatopolicial.uy\/web\/author\/admin\/"}]}},"_links":{"self":[{"href":"http:\/\/sindicatopolicial.uy\/web\/wp-json\/wp\/v2\/posts\/584","targetHints":{"allow":["GET"]}}],"collection":[{"href":"http:\/\/sindicatopolicial.uy\/web\/wp-json\/wp\/v2\/posts"}],"about":[{"href":"http:\/\/sindicatopolicial.uy\/web\/wp-json\/wp\/v2\/types\/post"}],"author":[{"embeddable":true,"href":"http:\/\/sindicatopolicial.uy\/web\/wp-json\/wp\/v2\/users\/1"}],"replies":[{"embeddable":true,"href":"http:\/\/sindicatopolicial.uy\/web\/wp-json\/wp\/v2\/comments?post=584"}],"version-history":[{"count":1,"href":"http:\/\/sindicatopolicial.uy\/web\/wp-json\/wp\/v2\/posts\/584\/revisions"}],"predecessor-version":[{"id":585,"href":"http:\/\/sindicatopolicial.uy\/web\/wp-json\/wp\/v2\/posts\/584\/revisions\/585"}],"wp:featuredmedia":[{"embeddable":true,"href":"http:\/\/sindicatopolicial.uy\/web\/wp-json\/wp\/v2\/media\/541"}],"wp:attachment":[{"href":"http:\/\/sindicatopolicial.uy\/web\/wp-json\/wp\/v2\/media?parent=584"}],"wp:term":[{"taxonomy":"category","embeddable":true,"href":"http:\/\/sindicatopolicial.uy\/web\/wp-json\/wp\/v2\/categories?post=584"},{"taxonomy":"post_tag","embeddable":true,"href":"http:\/\/sindicatopolicial.uy\/web\/wp-json\/wp\/v2\/tags?post=584"}],"curies":[{"name":"wp","href":"https:\/\/api.w.org\/{rel}","templated":true}]}}