{"id":6089,"date":"2020-06-19T14:38:49","date_gmt":"2020-06-19T17:38:49","guid":{"rendered":"http:\/\/sindicatopolicial.uy\/web\/?p=6089"},"modified":"2020-06-19T14:40:51","modified_gmt":"2020-06-19T17:40:51","slug":"secretaria-de-vivienda-oficio-02-20","status":"publish","type":"post","link":"http:\/\/sindicatopolicial.uy\/web\/noticias\/secretaria-de-vivienda-oficio-02-20\/","title":{"rendered":"Secretaria de vivienda &#8211; Oficio 02\/20"},"content":{"rendered":"<p>Junio, 2020 Oficio 02\/20<br \/>\nSecretaria General.<\/p>\n<p>Informamos a la Directiva que en el departamento de Paysand\u00fa el d\u00eda 10 de Junio del corriente a\u00f1o se dio inicio a la cooperativa de soluci\u00f3n habitacional denominada COVIHEROICA2020 en la que se llamo a la participaci\u00f3n de civiles y polic\u00edas, dando amplia difusi\u00f3n por parte de la Departamental y el secretario Nacional de viviendas el Se\u00f1or Alejandro ALVAREZ, lo que g\u00e9nero inter\u00e9s de muchos socios, que el d\u00eda de menci\u00f3n en el sal\u00f3n de eventos que se dispone en la Departamental se reunieron los interesados con los t\u00e9cnicos del IAT donde brindaron detalles del terreno en evaluaci\u00f3n, tr\u00e1mites de apertura de Personer\u00eda Jur\u00eddica e inscripci\u00f3n en Ministerio de Educaci\u00f3n y Cultura, inscripci\u00f3n en Ministerio de Viviendas y se da comienzo formal a la mencionada cooperativa. Se adjuntan im\u00e1genes.<\/p>\n<p>Secretaria de Viviendas SUPU<\/p>\n<p>&nbsp;<\/p>\n<p>Para acceder al documento haga <strong><a href=\"http:\/\/sindicatopolicial.uy\/web\/wp-content\/uploads\/2020\/06\/Oficio-02-s.viviendas.doc\">clic aqu\u00ed<\/a><\/strong><\/p>\n<p>&nbsp;<\/p>\n<div class=\"gallery fancy-gallery gallery-default\" id=\"gallery_6094-6095-6096\"><a href=\"http:\/\/sindicatopolicial.uy\/web\/wp-content\/uploads\/2020\/06\/IMG_20200613_102829_913-scaled.jpg\" title=\"IMG_20200613_102829_913\" class=\"\"><img decoding=\"async\" src=\"http:\/\/sindicatopolicial.uy\/web\/wp-content\/uploads\/2020\/06\/IMG_20200613_102829_913-150x150.jpg\" width=\"150\" height=\"150\" class=\"attachment-thumbnail\" alt=\"IMG_20200613_102829_913\" title=\"IMG_20200613_102829_913\" ><\/a><a href=\"http:\/\/sindicatopolicial.uy\/web\/wp-content\/uploads\/2020\/06\/IMG_20200530_172705-scaled.jpg\" title=\"IMG_20200530_172705\" class=\"\"><img decoding=\"async\" src=\"http:\/\/sindicatopolicial.uy\/web\/wp-content\/uploads\/2020\/06\/IMG_20200530_172705-150x150.jpg\" width=\"150\" height=\"150\" class=\"attachment-thumbnail\" alt=\"IMG_20200530_172705\" title=\"IMG_20200530_172705\" ><\/a><a href=\"http:\/\/sindicatopolicial.uy\/web\/wp-content\/uploads\/2020\/06\/IMG_20200530_162312_770.jpg\" title=\"IMG_20200530_162312_770\" class=\"\"><img decoding=\"async\" src=\"http:\/\/sindicatopolicial.uy\/web\/wp-content\/uploads\/2020\/06\/IMG_20200530_162312_770-150x150.jpg\" width=\"150\" height=\"150\" class=\"attachment-thumbnail\" alt=\"IMG_20200530_162312_770\" title=\"IMG_20200530_162312_770\" ><\/a><\/div>\n","protected":false},"excerpt":{"rendered":"<p>Junio, 2020 Oficio 02\/20 Secretaria General. Informamos a la Directiva que en el departamento de<\/p>\n","protected":false},"author":1,"featured_media":6097,"comment_status":"closed","ping_status":"closed","sticky":false,"template":"","format":"standard","meta":{"ngg_post_thumbnail":0,"footnotes":""},"categories":[3,23],"tags":[58],"class_list":["post-6089","post","type-post","status-publish","format-standard","has-post-thumbnail","hentry","category-noticias","category-secreteria-viviendas","tag-destacados","gallery-content-unit","fancy-gallery-content-unit"],"yoast_head":"<!-- This site is optimized with the Yoast SEO plugin v26.9 - https:\/\/yoast.com\/product\/yoast-seo-wordpress\/ -->\n<title>Secretaria de vivienda - Oficio 02\/20 - Sindicato \u00danico de Policias del Uruguay (SUPU)<\/title>\n<meta name=\"robots\" content=\"index, follow, max-snippet:-1, max-image-preview:large, max-video-preview:-1\" \/>\n<link rel=\"canonical\" href=\"https:\/\/sindicatopolicial.uy\/web\/noticias\/secretaria-de-vivienda-oficio-02-20\/\" \/>\n<meta property=\"og:locale\" content=\"es_ES\" \/>\n<meta property=\"og:type\" content=\"article\" \/>\n<meta property=\"og:title\" content=\"Secretaria de vivienda - Oficio 02\/20 - Sindicato \u00danico de Policias del Uruguay (SUPU)\" \/>\n<meta property=\"og:description\" content=\"Junio, 2020 Oficio 02\/20 Secretaria General. Informamos a la Directiva que en el departamento de\" \/>\n<meta property=\"og:url\" content=\"https:\/\/sindicatopolicial.uy\/web\/noticias\/secretaria-de-vivienda-oficio-02-20\/\" \/>\n<meta property=\"og:site_name\" content=\"Sindicato \u00danico de Policias del Uruguay (SUPU)\" \/>\n<meta property=\"article:published_time\" content=\"2020-06-19T17:38:49+00:00\" \/>\n<meta property=\"article:modified_time\" content=\"2020-06-19T17:40:51+00:00\" \/>\n<meta property=\"og:image\" content=\"http:\/\/sindicatopolicial.uy\/web\/wp-content\/uploads\/2020\/06\/IMG_20200530_172649-scaled.jpg\" \/>\n\t<meta property=\"og:image:width\" content=\"2560\" \/>\n\t<meta property=\"og:image:height\" content=\"1440\" \/>\n\t<meta property=\"og:image:type\" content=\"image\/jpeg\" \/>\n<meta name=\"author\" content=\"admin\" \/>\n<meta name=\"twitter:card\" content=\"summary_large_image\" \/>\n<meta name=\"twitter:creator\" content=\"@directivasupu\" \/>\n<meta name=\"twitter:site\" content=\"@directivasupu\" \/>\n<meta name=\"twitter:label1\" content=\"Escrito por\" \/>\n\t<meta name=\"twitter:data1\" content=\"admin\" \/>\n\t<meta name=\"twitter:label2\" content=\"Tiempo de lectura\" \/>\n\t<meta name=\"twitter:data2\" content=\"1 minuto\" \/>\n<script type=\"application\/ld+json\" class=\"yoast-schema-graph\">{\"@context\":\"https:\/\/schema.org\",\"@graph\":[{\"@type\":\"Article\",\"@id\":\"https:\/\/sindicatopolicial.uy\/web\/noticias\/secretaria-de-vivienda-oficio-02-20\/#article\",\"isPartOf\":{\"@id\":\"https:\/\/sindicatopolicial.uy\/web\/noticias\/secretaria-de-vivienda-oficio-02-20\/\"},\"author\":{\"name\":\"admin\",\"@id\":\"http:\/\/sindicatopolicial.uy\/web\/#\/schema\/person\/b24a27d8d1b9731460dcaea8b88331d3\"},\"headline\":\"Secretaria de vivienda &#8211; Oficio 02\/20\",\"datePublished\":\"2020-06-19T17:38:49+00:00\",\"dateModified\":\"2020-06-19T17:40:51+00:00\",\"mainEntityOfPage\":{\"@id\":\"https:\/\/sindicatopolicial.uy\/web\/noticias\/secretaria-de-vivienda-oficio-02-20\/\"},\"wordCount\":173,\"publisher\":{\"@id\":\"http:\/\/sindicatopolicial.uy\/web\/#organization\"},\"image\":{\"@id\":\"https:\/\/sindicatopolicial.uy\/web\/noticias\/secretaria-de-vivienda-oficio-02-20\/#primaryimage\"},\"thumbnailUrl\":\"http:\/\/sindicatopolicial.uy\/web\/wp-content\/uploads\/2020\/06\/IMG_20200530_172649-scaled.jpg\",\"keywords\":[\"Destacados\"],\"articleSection\":[\"Noticias\",\"Secreter\u00eda de Viviendas\"],\"inLanguage\":\"es\"},{\"@type\":\"WebPage\",\"@id\":\"https:\/\/sindicatopolicial.uy\/web\/noticias\/secretaria-de-vivienda-oficio-02-20\/\",\"url\":\"https:\/\/sindicatopolicial.uy\/web\/noticias\/secretaria-de-vivienda-oficio-02-20\/\",\"name\":\"Secretaria de vivienda - Oficio 02\/20 - Sindicato \u00danico de Policias del Uruguay (SUPU)\",\"isPartOf\":{\"@id\":\"http:\/\/sindicatopolicial.uy\/web\/#website\"},\"primaryImageOfPage\":{\"@id\":\"https:\/\/sindicatopolicial.uy\/web\/noticias\/secretaria-de-vivienda-oficio-02-20\/#primaryimage\"},\"image\":{\"@id\":\"https:\/\/sindicatopolicial.uy\/web\/noticias\/secretaria-de-vivienda-oficio-02-20\/#primaryimage\"},\"thumbnailUrl\":\"http:\/\/sindicatopolicial.uy\/web\/wp-content\/uploads\/2020\/06\/IMG_20200530_172649-scaled.jpg\",\"datePublished\":\"2020-06-19T17:38:49+00:00\",\"dateModified\":\"2020-06-19T17:40:51+00:00\",\"breadcrumb\":{\"@id\":\"https:\/\/sindicatopolicial.uy\/web\/noticias\/secretaria-de-vivienda-oficio-02-20\/#breadcrumb\"},\"inLanguage\":\"es\",\"potentialAction\":[{\"@type\":\"ReadAction\",\"target\":[\"https:\/\/sindicatopolicial.uy\/web\/noticias\/secretaria-de-vivienda-oficio-02-20\/\"]}]},{\"@type\":\"ImageObject\",\"inLanguage\":\"es\",\"@id\":\"https:\/\/sindicatopolicial.uy\/web\/noticias\/secretaria-de-vivienda-oficio-02-20\/#primaryimage\",\"url\":\"http:\/\/sindicatopolicial.uy\/web\/wp-content\/uploads\/2020\/06\/IMG_20200530_172649-scaled.jpg\",\"contentUrl\":\"http:\/\/sindicatopolicial.uy\/web\/wp-content\/uploads\/2020\/06\/IMG_20200530_172649-scaled.jpg\",\"width\":2560,\"height\":1440},{\"@type\":\"BreadcrumbList\",\"@id\":\"https:\/\/sindicatopolicial.uy\/web\/noticias\/secretaria-de-vivienda-oficio-02-20\/#breadcrumb\",\"itemListElement\":[{\"@type\":\"ListItem\",\"position\":1,\"name\":\"Portada\",\"item\":\"http:\/\/sindicatopolicial.uy\/web\/\"},{\"@type\":\"ListItem\",\"position\":2,\"name\":\"Secretaria de vivienda &#8211; Oficio 02\/20\"}]},{\"@type\":\"WebSite\",\"@id\":\"http:\/\/sindicatopolicial.uy\/web\/#website\",\"url\":\"http:\/\/sindicatopolicial.uy\/web\/\",\"name\":\"Sindicato \u00danico de Policias del Uruguay (SUPU)\",\"description\":\"Sindicato \u00danico de Policias del Uruguay\",\"publisher\":{\"@id\":\"http:\/\/sindicatopolicial.uy\/web\/#organization\"},\"potentialAction\":[{\"@type\":\"SearchAction\",\"target\":{\"@type\":\"EntryPoint\",\"urlTemplate\":\"http:\/\/sindicatopolicial.uy\/web\/?s={search_term_string}\"},\"query-input\":{\"@type\":\"PropertyValueSpecification\",\"valueRequired\":true,\"valueName\":\"search_term_string\"}}],\"inLanguage\":\"es\"},{\"@type\":\"Organization\",\"@id\":\"http:\/\/sindicatopolicial.uy\/web\/#organization\",\"name\":\"Sindicato \u00danico de Policias del Uruguay\",\"url\":\"http:\/\/sindicatopolicial.uy\/web\/\",\"logo\":{\"@type\":\"ImageObject\",\"inLanguage\":\"es\",\"@id\":\"http:\/\/sindicatopolicial.uy\/web\/#\/schema\/logo\/image\/\",\"url\":\"http:\/\/sindicatopolicial.uy\/web\/wp-content\/uploads\/2013\/07\/logo-supu-300-e1660692515353.png\",\"contentUrl\":\"http:\/\/sindicatopolicial.uy\/web\/wp-content\/uploads\/2013\/07\/logo-supu-300-e1660692515353.png\",\"width\":150,\"height\":150,\"caption\":\"Sindicato \u00danico de Policias del Uruguay\"},\"image\":{\"@id\":\"http:\/\/sindicatopolicial.uy\/web\/#\/schema\/logo\/image\/\"},\"sameAs\":[\"https:\/\/x.com\/directivasupu\"]},{\"@type\":\"Person\",\"@id\":\"http:\/\/sindicatopolicial.uy\/web\/#\/schema\/person\/b24a27d8d1b9731460dcaea8b88331d3\",\"name\":\"admin\",\"url\":\"http:\/\/sindicatopolicial.uy\/web\/author\/admin\/\"}]}<\/script>\n<!-- \/ Yoast SEO plugin. -->","yoast_head_json":{"title":"Secretaria de vivienda - Oficio 02\/20 - Sindicato \u00danico de Policias del Uruguay (SUPU)","robots":{"index":"index","follow":"follow","max-snippet":"max-snippet:-1","max-image-preview":"max-image-preview:large","max-video-preview":"max-video-preview:-1"},"canonical":"https:\/\/sindicatopolicial.uy\/web\/noticias\/secretaria-de-vivienda-oficio-02-20\/","og_locale":"es_ES","og_type":"article","og_title":"Secretaria de vivienda - Oficio 02\/20 - Sindicato \u00danico de Policias del Uruguay (SUPU)","og_description":"Junio, 2020 Oficio 02\/20 Secretaria General. Informamos a la Directiva que en el departamento de","og_url":"https:\/\/sindicatopolicial.uy\/web\/noticias\/secretaria-de-vivienda-oficio-02-20\/","og_site_name":"Sindicato \u00danico de Policias del Uruguay (SUPU)","article_published_time":"2020-06-19T17:38:49+00:00","article_modified_time":"2020-06-19T17:40:51+00:00","og_image":[{"width":2560,"height":1440,"url":"http:\/\/sindicatopolicial.uy\/web\/wp-content\/uploads\/2020\/06\/IMG_20200530_172649-scaled.jpg","type":"image\/jpeg"}],"author":"admin","twitter_card":"summary_large_image","twitter_creator":"@directivasupu","twitter_site":"@directivasupu","twitter_misc":{"Escrito por":"admin","Tiempo de lectura":"1 minuto"},"schema":{"@context":"https:\/\/schema.org","@graph":[{"@type":"Article","@id":"https:\/\/sindicatopolicial.uy\/web\/noticias\/secretaria-de-vivienda-oficio-02-20\/#article","isPartOf":{"@id":"https:\/\/sindicatopolicial.uy\/web\/noticias\/secretaria-de-vivienda-oficio-02-20\/"},"author":{"name":"admin","@id":"http:\/\/sindicatopolicial.uy\/web\/#\/schema\/person\/b24a27d8d1b9731460dcaea8b88331d3"},"headline":"Secretaria de vivienda &#8211; Oficio 02\/20","datePublished":"2020-06-19T17:38:49+00:00","dateModified":"2020-06-19T17:40:51+00:00","mainEntityOfPage":{"@id":"https:\/\/sindicatopolicial.uy\/web\/noticias\/secretaria-de-vivienda-oficio-02-20\/"},"wordCount":173,"publisher":{"@id":"http:\/\/sindicatopolicial.uy\/web\/#organization"},"image":{"@id":"https:\/\/sindicatopolicial.uy\/web\/noticias\/secretaria-de-vivienda-oficio-02-20\/#primaryimage"},"thumbnailUrl":"http:\/\/sindicatopolicial.uy\/web\/wp-content\/uploads\/2020\/06\/IMG_20200530_172649-scaled.jpg","keywords":["Destacados"],"articleSection":["Noticias","Secreter\u00eda de Viviendas"],"inLanguage":"es"},{"@type":"WebPage","@id":"https:\/\/sindicatopolicial.uy\/web\/noticias\/secretaria-de-vivienda-oficio-02-20\/","url":"https:\/\/sindicatopolicial.uy\/web\/noticias\/secretaria-de-vivienda-oficio-02-20\/","name":"Secretaria de vivienda - Oficio 02\/20 - Sindicato \u00danico de Policias del Uruguay (SUPU)","isPartOf":{"@id":"http:\/\/sindicatopolicial.uy\/web\/#website"},"primaryImageOfPage":{"@id":"https:\/\/sindicatopolicial.uy\/web\/noticias\/secretaria-de-vivienda-oficio-02-20\/#primaryimage"},"image":{"@id":"https:\/\/sindicatopolicial.uy\/web\/noticias\/secretaria-de-vivienda-oficio-02-20\/#primaryimage"},"thumbnailUrl":"http:\/\/sindicatopolicial.uy\/web\/wp-content\/uploads\/2020\/06\/IMG_20200530_172649-scaled.jpg","datePublished":"2020-06-19T17:38:49+00:00","dateModified":"2020-06-19T17:40:51+00:00","breadcrumb":{"@id":"https:\/\/sindicatopolicial.uy\/web\/noticias\/secretaria-de-vivienda-oficio-02-20\/#breadcrumb"},"inLanguage":"es","potentialAction":[{"@type":"ReadAction","target":["https:\/\/sindicatopolicial.uy\/web\/noticias\/secretaria-de-vivienda-oficio-02-20\/"]}]},{"@type":"ImageObject","inLanguage":"es","@id":"https:\/\/sindicatopolicial.uy\/web\/noticias\/secretaria-de-vivienda-oficio-02-20\/#primaryimage","url":"http:\/\/sindicatopolicial.uy\/web\/wp-content\/uploads\/2020\/06\/IMG_20200530_172649-scaled.jpg","contentUrl":"http:\/\/sindicatopolicial.uy\/web\/wp-content\/uploads\/2020\/06\/IMG_20200530_172649-scaled.jpg","width":2560,"height":1440},{"@type":"BreadcrumbList","@id":"https:\/\/sindicatopolicial.uy\/web\/noticias\/secretaria-de-vivienda-oficio-02-20\/#breadcrumb","itemListElement":[{"@type":"ListItem","position":1,"name":"Portada","item":"http:\/\/sindicatopolicial.uy\/web\/"},{"@type":"ListItem","position":2,"name":"Secretaria de vivienda &#8211; Oficio 02\/20"}]},{"@type":"WebSite","@id":"http:\/\/sindicatopolicial.uy\/web\/#website","url":"http:\/\/sindicatopolicial.uy\/web\/","name":"Sindicato \u00danico de Policias del Uruguay (SUPU)","description":"Sindicato \u00danico de Policias del Uruguay","publisher":{"@id":"http:\/\/sindicatopolicial.uy\/web\/#organization"},"potentialAction":[{"@type":"SearchAction","target":{"@type":"EntryPoint","urlTemplate":"http:\/\/sindicatopolicial.uy\/web\/?s={search_term_string}"},"query-input":{"@type":"PropertyValueSpecification","valueRequired":true,"valueName":"search_term_string"}}],"inLanguage":"es"},{"@type":"Organization","@id":"http:\/\/sindicatopolicial.uy\/web\/#organization","name":"Sindicato \u00danico de Policias del Uruguay","url":"http:\/\/sindicatopolicial.uy\/web\/","logo":{"@type":"ImageObject","inLanguage":"es","@id":"http:\/\/sindicatopolicial.uy\/web\/#\/schema\/logo\/image\/","url":"http:\/\/sindicatopolicial.uy\/web\/wp-content\/uploads\/2013\/07\/logo-supu-300-e1660692515353.png","contentUrl":"http:\/\/sindicatopolicial.uy\/web\/wp-content\/uploads\/2013\/07\/logo-supu-300-e1660692515353.png","width":150,"height":150,"caption":"Sindicato \u00danico de Policias del Uruguay"},"image":{"@id":"http:\/\/sindicatopolicial.uy\/web\/#\/schema\/logo\/image\/"},"sameAs":["https:\/\/x.com\/directivasupu"]},{"@type":"Person","@id":"http:\/\/sindicatopolicial.uy\/web\/#\/schema\/person\/b24a27d8d1b9731460dcaea8b88331d3","name":"admin","url":"http:\/\/sindicatopolicial.uy\/web\/author\/admin\/"}]}},"_links":{"self":[{"href":"http:\/\/sindicatopolicial.uy\/web\/wp-json\/wp\/v2\/posts\/6089","targetHints":{"allow":["GET"]}}],"collection":[{"href":"http:\/\/sindicatopolicial.uy\/web\/wp-json\/wp\/v2\/posts"}],"about":[{"href":"http:\/\/sindicatopolicial.uy\/web\/wp-json\/wp\/v2\/types\/post"}],"author":[{"embeddable":true,"href":"http:\/\/sindicatopolicial.uy\/web\/wp-json\/wp\/v2\/users\/1"}],"replies":[{"embeddable":true,"href":"http:\/\/sindicatopolicial.uy\/web\/wp-json\/wp\/v2\/comments?post=6089"}],"version-history":[{"count":2,"href":"http:\/\/sindicatopolicial.uy\/web\/wp-json\/wp\/v2\/posts\/6089\/revisions"}],"predecessor-version":[{"id":6098,"href":"http:\/\/sindicatopolicial.uy\/web\/wp-json\/wp\/v2\/posts\/6089\/revisions\/6098"}],"wp:featuredmedia":[{"embeddable":true,"href":"http:\/\/sindicatopolicial.uy\/web\/wp-json\/wp\/v2\/media\/6097"}],"wp:attachment":[{"href":"http:\/\/sindicatopolicial.uy\/web\/wp-json\/wp\/v2\/media?parent=6089"}],"wp:term":[{"taxonomy":"category","embeddable":true,"href":"http:\/\/sindicatopolicial.uy\/web\/wp-json\/wp\/v2\/categories?post=6089"},{"taxonomy":"post_tag","embeddable":true,"href":"http:\/\/sindicatopolicial.uy\/web\/wp-json\/wp\/v2\/tags?post=6089"}],"curies":[{"name":"wp","href":"https:\/\/api.w.org\/{rel}","templated":true}]}}