{"id":844,"date":"2013-10-18T15:15:24","date_gmt":"2013-10-18T18:15:24","guid":{"rendered":"http:\/\/sindicatopolicial.com.uy\/web\/?p=844"},"modified":"2013-10-18T15:15:24","modified_gmt":"2013-10-18T18:15:24","slug":"invitacion-jornada-de-trabajo","status":"publish","type":"post","link":"http:\/\/sindicatopolicial.uy\/web\/noticias\/invitacion-jornada-de-trabajo\/","title":{"rendered":"Invitaci\u00f3n Jornada de Trabajo"},"content":{"rendered":"<p>SE INVITA, para una jornada de trabajo, el pr\u00f3ximo 4 de noviembre del 2013,para abordar los siguientes temas:<\/p>\n<p>ley 19120 \u00abfaltas\u00bb, entre medio almuerzo y despu\u00e9s \u00abprocedimientos Policiales\u00bb, participara el Juez de Faltas del Departamento profesionales de la capital y el Dr. Cley Espinosa, nuestro representante legal, estar\u00e1 presente representaci\u00f3n de la Directiva Nacional del SUPU y las departamentales que as\u00ed lo deseen, pueden participar, tel\u00e9fono de la Sede de Tacuaremb\u00f3 46331909.-<\/p>\n<p><img fetchpriority=\"high\" decoding=\"async\" src=\"http:\/\/sindicatopolicial.com.uy\/web\/wp-content\/uploads\/2013\/10\/img331.jpg\" alt=\"img331\" width=\"630\" height=\"1122\" class=\"aligncenter size-full wp-image-846\" srcset=\"http:\/\/sindicatopolicial.uy\/web\/wp-content\/uploads\/2013\/10\/img331.jpg 630w, http:\/\/sindicatopolicial.uy\/web\/wp-content\/uploads\/2013\/10\/img331-185x330.jpg 185w\" sizes=\"(max-width: 630px) 100vw, 630px\" \/><\/p>\n<p><img decoding=\"async\" src=\"http:\/\/sindicatopolicial.com.uy\/web\/wp-content\/uploads\/2013\/10\/img330.jpg\" alt=\"img330\" width=\"630\" height=\"890\" class=\"aligncenter size-full wp-image-845\" srcset=\"http:\/\/sindicatopolicial.uy\/web\/wp-content\/uploads\/2013\/10\/img330.jpg 630w, http:\/\/sindicatopolicial.uy\/web\/wp-content\/uploads\/2013\/10\/img330-234x330.jpg 234w\" sizes=\"(max-width: 630px) 100vw, 630px\" \/><\/p>\n","protected":false},"excerpt":{"rendered":"<p>SE INVITA, para una jornada de trabajo, el pr\u00f3ximo 4 de noviembre del 2013,para abordar<\/p>\n","protected":false},"author":1,"featured_media":541,"comment_status":"open","ping_status":"open","sticky":false,"template":"","format":"standard","meta":{"ngg_post_thumbnail":0,"footnotes":""},"categories":[4,3,17],"tags":[53],"class_list":["post-844","post","type-post","status-publish","format-standard","has-post-thumbnail","hentry","category-departamentales","category-noticias","category-tacuarembo","tag-tacuarembo","gallery-content-unit","fancy-gallery-content-unit"],"yoast_head":"<!-- This site is optimized with the Yoast SEO plugin v26.9 - https:\/\/yoast.com\/product\/yoast-seo-wordpress\/ -->\n<title>Invitaci\u00f3n Jornada de Trabajo - Sindicato \u00danico de Policias del Uruguay (SUPU)<\/title>\n<meta name=\"robots\" content=\"index, follow, max-snippet:-1, max-image-preview:large, max-video-preview:-1\" \/>\n<link rel=\"canonical\" href=\"https:\/\/sindicatopolicial.uy\/web\/noticias\/invitacion-jornada-de-trabajo\/\" \/>\n<meta property=\"og:locale\" content=\"es_ES\" \/>\n<meta property=\"og:type\" content=\"article\" \/>\n<meta property=\"og:title\" content=\"Invitaci\u00f3n Jornada de Trabajo - Sindicato \u00danico de Policias del Uruguay (SUPU)\" \/>\n<meta property=\"og:description\" content=\"SE INVITA, para una jornada de trabajo, el pr\u00f3ximo 4 de noviembre del 2013,para abordar\" \/>\n<meta property=\"og:url\" content=\"https:\/\/sindicatopolicial.uy\/web\/noticias\/invitacion-jornada-de-trabajo\/\" \/>\n<meta property=\"og:site_name\" content=\"Sindicato \u00danico de Policias del Uruguay (SUPU)\" \/>\n<meta property=\"article:published_time\" content=\"2013-10-18T18:15:24+00:00\" \/>\n<meta property=\"og:image\" content=\"https:\/\/sindicatopolicial.uy\/web\/wp-content\/uploads\/2013\/09\/supu-tacuarembo.jpg\" \/>\n\t<meta property=\"og:image:width\" content=\"690\" \/>\n\t<meta property=\"og:image:height\" content=\"350\" \/>\n\t<meta property=\"og:image:type\" content=\"image\/jpeg\" \/>\n<meta name=\"author\" content=\"admin\" \/>\n<meta name=\"twitter:card\" content=\"summary_large_image\" \/>\n<meta name=\"twitter:creator\" content=\"@directivasupu\" \/>\n<meta name=\"twitter:site\" content=\"@directivasupu\" \/>\n<meta name=\"twitter:label1\" content=\"Escrito por\" \/>\n\t<meta name=\"twitter:data1\" content=\"admin\" \/>\n<script type=\"application\/ld+json\" class=\"yoast-schema-graph\">{\"@context\":\"https:\/\/schema.org\",\"@graph\":[{\"@type\":\"Article\",\"@id\":\"https:\/\/sindicatopolicial.uy\/web\/noticias\/invitacion-jornada-de-trabajo\/#article\",\"isPartOf\":{\"@id\":\"https:\/\/sindicatopolicial.uy\/web\/noticias\/invitacion-jornada-de-trabajo\/\"},\"author\":{\"name\":\"admin\",\"@id\":\"http:\/\/sindicatopolicial.uy\/web\/#\/schema\/person\/b24a27d8d1b9731460dcaea8b88331d3\"},\"headline\":\"Invitaci\u00f3n Jornada de Trabajo\",\"datePublished\":\"2013-10-18T18:15:24+00:00\",\"mainEntityOfPage\":{\"@id\":\"https:\/\/sindicatopolicial.uy\/web\/noticias\/invitacion-jornada-de-trabajo\/\"},\"wordCount\":78,\"commentCount\":0,\"publisher\":{\"@id\":\"http:\/\/sindicatopolicial.uy\/web\/#organization\"},\"image\":{\"@id\":\"https:\/\/sindicatopolicial.uy\/web\/noticias\/invitacion-jornada-de-trabajo\/#primaryimage\"},\"thumbnailUrl\":\"http:\/\/sindicatopolicial.uy\/web\/wp-content\/uploads\/2013\/09\/supu-tacuarembo.jpg\",\"keywords\":[\"Tacuaremb\u00f3\"],\"articleSection\":[\"Departamentales\",\"Noticias\",\"Tacuaremb\u00f3\"],\"inLanguage\":\"es\",\"potentialAction\":[{\"@type\":\"CommentAction\",\"name\":\"Comment\",\"target\":[\"https:\/\/sindicatopolicial.uy\/web\/noticias\/invitacion-jornada-de-trabajo\/#respond\"]}]},{\"@type\":\"WebPage\",\"@id\":\"https:\/\/sindicatopolicial.uy\/web\/noticias\/invitacion-jornada-de-trabajo\/\",\"url\":\"https:\/\/sindicatopolicial.uy\/web\/noticias\/invitacion-jornada-de-trabajo\/\",\"name\":\"Invitaci\u00f3n Jornada de Trabajo - Sindicato \u00danico de Policias del Uruguay (SUPU)\",\"isPartOf\":{\"@id\":\"http:\/\/sindicatopolicial.uy\/web\/#website\"},\"primaryImageOfPage\":{\"@id\":\"https:\/\/sindicatopolicial.uy\/web\/noticias\/invitacion-jornada-de-trabajo\/#primaryimage\"},\"image\":{\"@id\":\"https:\/\/sindicatopolicial.uy\/web\/noticias\/invitacion-jornada-de-trabajo\/#primaryimage\"},\"thumbnailUrl\":\"http:\/\/sindicatopolicial.uy\/web\/wp-content\/uploads\/2013\/09\/supu-tacuarembo.jpg\",\"datePublished\":\"2013-10-18T18:15:24+00:00\",\"breadcrumb\":{\"@id\":\"https:\/\/sindicatopolicial.uy\/web\/noticias\/invitacion-jornada-de-trabajo\/#breadcrumb\"},\"inLanguage\":\"es\",\"potentialAction\":[{\"@type\":\"ReadAction\",\"target\":[\"https:\/\/sindicatopolicial.uy\/web\/noticias\/invitacion-jornada-de-trabajo\/\"]}]},{\"@type\":\"ImageObject\",\"inLanguage\":\"es\",\"@id\":\"https:\/\/sindicatopolicial.uy\/web\/noticias\/invitacion-jornada-de-trabajo\/#primaryimage\",\"url\":\"http:\/\/sindicatopolicial.uy\/web\/wp-content\/uploads\/2013\/09\/supu-tacuarembo.jpg\",\"contentUrl\":\"http:\/\/sindicatopolicial.uy\/web\/wp-content\/uploads\/2013\/09\/supu-tacuarembo.jpg\",\"width\":690,\"height\":350},{\"@type\":\"BreadcrumbList\",\"@id\":\"https:\/\/sindicatopolicial.uy\/web\/noticias\/invitacion-jornada-de-trabajo\/#breadcrumb\",\"itemListElement\":[{\"@type\":\"ListItem\",\"position\":1,\"name\":\"Portada\",\"item\":\"http:\/\/sindicatopolicial.uy\/web\/\"},{\"@type\":\"ListItem\",\"position\":2,\"name\":\"Invitaci\u00f3n Jornada de Trabajo\"}]},{\"@type\":\"WebSite\",\"@id\":\"http:\/\/sindicatopolicial.uy\/web\/#website\",\"url\":\"http:\/\/sindicatopolicial.uy\/web\/\",\"name\":\"Sindicato \u00danico de Policias del Uruguay (SUPU)\",\"description\":\"Sindicato \u00danico de Policias del Uruguay\",\"publisher\":{\"@id\":\"http:\/\/sindicatopolicial.uy\/web\/#organization\"},\"potentialAction\":[{\"@type\":\"SearchAction\",\"target\":{\"@type\":\"EntryPoint\",\"urlTemplate\":\"http:\/\/sindicatopolicial.uy\/web\/?s={search_term_string}\"},\"query-input\":{\"@type\":\"PropertyValueSpecification\",\"valueRequired\":true,\"valueName\":\"search_term_string\"}}],\"inLanguage\":\"es\"},{\"@type\":\"Organization\",\"@id\":\"http:\/\/sindicatopolicial.uy\/web\/#organization\",\"name\":\"Sindicato \u00danico de Policias del Uruguay\",\"url\":\"http:\/\/sindicatopolicial.uy\/web\/\",\"logo\":{\"@type\":\"ImageObject\",\"inLanguage\":\"es\",\"@id\":\"http:\/\/sindicatopolicial.uy\/web\/#\/schema\/logo\/image\/\",\"url\":\"http:\/\/sindicatopolicial.uy\/web\/wp-content\/uploads\/2013\/07\/logo-supu-300-e1660692515353.png\",\"contentUrl\":\"http:\/\/sindicatopolicial.uy\/web\/wp-content\/uploads\/2013\/07\/logo-supu-300-e1660692515353.png\",\"width\":150,\"height\":150,\"caption\":\"Sindicato \u00danico de Policias del Uruguay\"},\"image\":{\"@id\":\"http:\/\/sindicatopolicial.uy\/web\/#\/schema\/logo\/image\/\"},\"sameAs\":[\"https:\/\/x.com\/directivasupu\"]},{\"@type\":\"Person\",\"@id\":\"http:\/\/sindicatopolicial.uy\/web\/#\/schema\/person\/b24a27d8d1b9731460dcaea8b88331d3\",\"name\":\"admin\",\"url\":\"http:\/\/sindicatopolicial.uy\/web\/author\/admin\/\"}]}<\/script>\n<!-- \/ Yoast SEO plugin. -->","yoast_head_json":{"title":"Invitaci\u00f3n Jornada de Trabajo - Sindicato \u00danico de Policias del Uruguay (SUPU)","robots":{"index":"index","follow":"follow","max-snippet":"max-snippet:-1","max-image-preview":"max-image-preview:large","max-video-preview":"max-video-preview:-1"},"canonical":"https:\/\/sindicatopolicial.uy\/web\/noticias\/invitacion-jornada-de-trabajo\/","og_locale":"es_ES","og_type":"article","og_title":"Invitaci\u00f3n Jornada de Trabajo - Sindicato \u00danico de Policias del Uruguay (SUPU)","og_description":"SE INVITA, para una jornada de trabajo, el pr\u00f3ximo 4 de noviembre del 2013,para abordar","og_url":"https:\/\/sindicatopolicial.uy\/web\/noticias\/invitacion-jornada-de-trabajo\/","og_site_name":"Sindicato \u00danico de Policias del Uruguay (SUPU)","article_published_time":"2013-10-18T18:15:24+00:00","og_image":[{"width":690,"height":350,"url":"https:\/\/sindicatopolicial.uy\/web\/wp-content\/uploads\/2013\/09\/supu-tacuarembo.jpg","type":"image\/jpeg"}],"author":"admin","twitter_card":"summary_large_image","twitter_creator":"@directivasupu","twitter_site":"@directivasupu","twitter_misc":{"Escrito por":"admin"},"schema":{"@context":"https:\/\/schema.org","@graph":[{"@type":"Article","@id":"https:\/\/sindicatopolicial.uy\/web\/noticias\/invitacion-jornada-de-trabajo\/#article","isPartOf":{"@id":"https:\/\/sindicatopolicial.uy\/web\/noticias\/invitacion-jornada-de-trabajo\/"},"author":{"name":"admin","@id":"http:\/\/sindicatopolicial.uy\/web\/#\/schema\/person\/b24a27d8d1b9731460dcaea8b88331d3"},"headline":"Invitaci\u00f3n Jornada de Trabajo","datePublished":"2013-10-18T18:15:24+00:00","mainEntityOfPage":{"@id":"https:\/\/sindicatopolicial.uy\/web\/noticias\/invitacion-jornada-de-trabajo\/"},"wordCount":78,"commentCount":0,"publisher":{"@id":"http:\/\/sindicatopolicial.uy\/web\/#organization"},"image":{"@id":"https:\/\/sindicatopolicial.uy\/web\/noticias\/invitacion-jornada-de-trabajo\/#primaryimage"},"thumbnailUrl":"http:\/\/sindicatopolicial.uy\/web\/wp-content\/uploads\/2013\/09\/supu-tacuarembo.jpg","keywords":["Tacuaremb\u00f3"],"articleSection":["Departamentales","Noticias","Tacuaremb\u00f3"],"inLanguage":"es","potentialAction":[{"@type":"CommentAction","name":"Comment","target":["https:\/\/sindicatopolicial.uy\/web\/noticias\/invitacion-jornada-de-trabajo\/#respond"]}]},{"@type":"WebPage","@id":"https:\/\/sindicatopolicial.uy\/web\/noticias\/invitacion-jornada-de-trabajo\/","url":"https:\/\/sindicatopolicial.uy\/web\/noticias\/invitacion-jornada-de-trabajo\/","name":"Invitaci\u00f3n Jornada de Trabajo - Sindicato \u00danico de Policias del Uruguay (SUPU)","isPartOf":{"@id":"http:\/\/sindicatopolicial.uy\/web\/#website"},"primaryImageOfPage":{"@id":"https:\/\/sindicatopolicial.uy\/web\/noticias\/invitacion-jornada-de-trabajo\/#primaryimage"},"image":{"@id":"https:\/\/sindicatopolicial.uy\/web\/noticias\/invitacion-jornada-de-trabajo\/#primaryimage"},"thumbnailUrl":"http:\/\/sindicatopolicial.uy\/web\/wp-content\/uploads\/2013\/09\/supu-tacuarembo.jpg","datePublished":"2013-10-18T18:15:24+00:00","breadcrumb":{"@id":"https:\/\/sindicatopolicial.uy\/web\/noticias\/invitacion-jornada-de-trabajo\/#breadcrumb"},"inLanguage":"es","potentialAction":[{"@type":"ReadAction","target":["https:\/\/sindicatopolicial.uy\/web\/noticias\/invitacion-jornada-de-trabajo\/"]}]},{"@type":"ImageObject","inLanguage":"es","@id":"https:\/\/sindicatopolicial.uy\/web\/noticias\/invitacion-jornada-de-trabajo\/#primaryimage","url":"http:\/\/sindicatopolicial.uy\/web\/wp-content\/uploads\/2013\/09\/supu-tacuarembo.jpg","contentUrl":"http:\/\/sindicatopolicial.uy\/web\/wp-content\/uploads\/2013\/09\/supu-tacuarembo.jpg","width":690,"height":350},{"@type":"BreadcrumbList","@id":"https:\/\/sindicatopolicial.uy\/web\/noticias\/invitacion-jornada-de-trabajo\/#breadcrumb","itemListElement":[{"@type":"ListItem","position":1,"name":"Portada","item":"http:\/\/sindicatopolicial.uy\/web\/"},{"@type":"ListItem","position":2,"name":"Invitaci\u00f3n Jornada de Trabajo"}]},{"@type":"WebSite","@id":"http:\/\/sindicatopolicial.uy\/web\/#website","url":"http:\/\/sindicatopolicial.uy\/web\/","name":"Sindicato \u00danico de Policias del Uruguay (SUPU)","description":"Sindicato \u00danico de Policias del Uruguay","publisher":{"@id":"http:\/\/sindicatopolicial.uy\/web\/#organization"},"potentialAction":[{"@type":"SearchAction","target":{"@type":"EntryPoint","urlTemplate":"http:\/\/sindicatopolicial.uy\/web\/?s={search_term_string}"},"query-input":{"@type":"PropertyValueSpecification","valueRequired":true,"valueName":"search_term_string"}}],"inLanguage":"es"},{"@type":"Organization","@id":"http:\/\/sindicatopolicial.uy\/web\/#organization","name":"Sindicato \u00danico de Policias del Uruguay","url":"http:\/\/sindicatopolicial.uy\/web\/","logo":{"@type":"ImageObject","inLanguage":"es","@id":"http:\/\/sindicatopolicial.uy\/web\/#\/schema\/logo\/image\/","url":"http:\/\/sindicatopolicial.uy\/web\/wp-content\/uploads\/2013\/07\/logo-supu-300-e1660692515353.png","contentUrl":"http:\/\/sindicatopolicial.uy\/web\/wp-content\/uploads\/2013\/07\/logo-supu-300-e1660692515353.png","width":150,"height":150,"caption":"Sindicato \u00danico de Policias del Uruguay"},"image":{"@id":"http:\/\/sindicatopolicial.uy\/web\/#\/schema\/logo\/image\/"},"sameAs":["https:\/\/x.com\/directivasupu"]},{"@type":"Person","@id":"http:\/\/sindicatopolicial.uy\/web\/#\/schema\/person\/b24a27d8d1b9731460dcaea8b88331d3","name":"admin","url":"http:\/\/sindicatopolicial.uy\/web\/author\/admin\/"}]}},"_links":{"self":[{"href":"http:\/\/sindicatopolicial.uy\/web\/wp-json\/wp\/v2\/posts\/844","targetHints":{"allow":["GET"]}}],"collection":[{"href":"http:\/\/sindicatopolicial.uy\/web\/wp-json\/wp\/v2\/posts"}],"about":[{"href":"http:\/\/sindicatopolicial.uy\/web\/wp-json\/wp\/v2\/types\/post"}],"author":[{"embeddable":true,"href":"http:\/\/sindicatopolicial.uy\/web\/wp-json\/wp\/v2\/users\/1"}],"replies":[{"embeddable":true,"href":"http:\/\/sindicatopolicial.uy\/web\/wp-json\/wp\/v2\/comments?post=844"}],"version-history":[{"count":1,"href":"http:\/\/sindicatopolicial.uy\/web\/wp-json\/wp\/v2\/posts\/844\/revisions"}],"predecessor-version":[{"id":847,"href":"http:\/\/sindicatopolicial.uy\/web\/wp-json\/wp\/v2\/posts\/844\/revisions\/847"}],"wp:featuredmedia":[{"embeddable":true,"href":"http:\/\/sindicatopolicial.uy\/web\/wp-json\/wp\/v2\/media\/541"}],"wp:attachment":[{"href":"http:\/\/sindicatopolicial.uy\/web\/wp-json\/wp\/v2\/media?parent=844"}],"wp:term":[{"taxonomy":"category","embeddable":true,"href":"http:\/\/sindicatopolicial.uy\/web\/wp-json\/wp\/v2\/categories?post=844"},{"taxonomy":"post_tag","embeddable":true,"href":"http:\/\/sindicatopolicial.uy\/web\/wp-json\/wp\/v2\/tags?post=844"}],"curies":[{"name":"wp","href":"https:\/\/api.w.org\/{rel}","templated":true}]}}